
{"id":1226396,"date":"2023-10-27T14:45:26","date_gmt":"2023-10-27T12:45:26","guid":{"rendered":"https:\/\/webalkans.eu\/news\/creative-europe-call-for-european-cooperation-projects-open\/"},"modified":"2023-11-06T11:27:05","modified_gmt":"2023-11-06T10:27:05","slug":"creative-europe-call-for-european-cooperation-projects-open","status":"publish","type":"post","link":"https:\/\/webalkans.eu\/bs\/news\/creative-europe-call-for-european-cooperation-projects-open\/","title":{"rendered":"Creative Europe otvara poziv za projekte evropske saradnje"},"content":{"rendered":"<p style=\"font-weight: 400;\">Ovaj poziv \u0107e podr\u017eati projekte koji \u0107e provoditi \u0161irok spektar aktivnosti i inicijativa u kojima sudjeluju umjetnici i dionici aktivni u razli\u010ditim kulturnim i kreativnim sektorima. S prora\u010dunom od oko 60 milijuna eura, akcija \u0107e podsticati saradnju izme\u0111u organizacija koje su aktivne u podru\u010dju kulture kako bi pove\u0107ala me\u0111unarodnu dimenziju stvaranja i kru\u017eenja evropskog umjetni\u010dkog sadr\u017eaja. Tako\u0111e \u0107e podsticati razvoj, eksperimentisanje, \u0161irenje i primjenu novih i inovativnih praksi.<\/p>\n<p>&nbsp;<\/p>\n<p style=\"font-weight: 400;\">Ova akcija \u0107e podr\u017eati najmanje 130 projekata.<\/p>\n<p>&nbsp;<\/p>\n<p style=\"font-weight: 400;\">Evropski projekti saradnje otvoreni su za sve kulturne i kreativne sektore. Me\u0111utim, s obzirom na to da je ova akcija dio kulturnog dijela programa, projekti s isklju\u010divo audiovizuelnim sadr\u017eajem nisu podobni (nemaju pravo) za prijavu kao ni oni koje sa\u010dinjavaju isklju\u010divo organizacije iz sektora audiovizuelne industrije.<\/p>\n","protected":false},"excerpt":{"rendered":"<p>Ovaj poziv \u0107e podr\u017eati projekte koji \u0107e provoditi \u0161irok spektar aktivnosti i inicijativa u kojima sudjeluju umjetnici i dionici aktivni u razli\u010ditim kulturnim i kreativnim <\/p>\n","protected":false},"author":152227,"featured_media":1220945,"comment_status":"closed","ping_status":"closed","sticky":false,"template":"","format":"standard","meta":{"_acf_changed":false,"_monsterinsights_skip_tracking":false,"_monsterinsights_sitenote_active":false,"_monsterinsights_sitenote_note":"","_monsterinsights_sitenote_category":0,"footnotes":""},"country-for-news":[425,432,438,442,416,420],"class_list":["post-1226396","post","type-post","status-publish","format-standard","has-post-thumbnail","hentry","country-for-news-kosovo","country-for-news-montenegro","country-for-news-north-macedonia","country-for-news-serbia","country-for-news-albania","country-for-news-bosnia-and-herzegovina"],"acf":[],"yoast_head":"<!-- This site is optimized with the Yoast SEO plugin v25.3.1 - https:\/\/yoast.com\/wordpress\/plugins\/seo\/ -->\n<title>Creative Europe otvara poziv za projekte evropske saradnje News | WeBalkans<\/title>\n<meta name=\"description\" content=\"Creative Europe otvara poziv za projekte evropske saradnje\" \/>\n<meta name=\"robots\" content=\"index, follow, max-snippet:-1, max-image-preview:large, max-video-preview:-1\" \/>\n<link rel=\"canonical\" href=\"https:\/\/webalkans.eu\/bs\/news\/creative-europe-call-for-european-cooperation-projects-open\/\" \/>\n<meta property=\"og:locale\" content=\"bs_BA\" \/>\n<meta property=\"og:type\" content=\"article\" \/>\n<meta property=\"og:title\" content=\"Creative Europe otvara poziv za projekte evropske saradnje News | WeBalkans\" \/>\n<meta property=\"og:description\" content=\"Creative Europe otvara poziv za projekte evropske saradnje\" \/>\n<meta property=\"og:url\" content=\"https:\/\/webalkans.eu\/bs\/news\/creative-europe-call-for-european-cooperation-projects-open\/\" \/>\n<meta property=\"og:site_name\" content=\"WeBalkans | EU Projects in the Western Balkans\" \/>\n<meta property=\"article:publisher\" content=\"https:\/\/www.facebook.com\/webalkans.eu\" \/>\n<meta property=\"article:published_time\" content=\"2023-10-27T12:45:26+00:00\" \/>\n<meta property=\"article:modified_time\" content=\"2023-11-06T10:27:05+00:00\" \/>\n<meta property=\"og:image\" content=\"https:\/\/webalkans.eu\/wp-content\/uploads\/2023\/10\/9-1.png\" \/>\n\t<meta property=\"og:image:width\" content=\"1380\" \/>\n\t<meta property=\"og:image:height\" content=\"776\" \/>\n\t<meta property=\"og:image:type\" content=\"image\/png\" \/>\n<meta name=\"author\" content=\"007designstudio@gmail.com\" \/>\n<meta name=\"twitter:card\" content=\"summary_large_image\" \/>\n<meta name=\"twitter:creator\" content=\"@WeBalkans\" \/>\n<meta name=\"twitter:site\" content=\"@WeBalkans\" \/>\n<meta name=\"twitter:label1\" content=\"Written by\" \/>\n\t<meta name=\"twitter:data1\" content=\"007designstudio@gmail.com\" \/>\n\t<meta name=\"twitter:label2\" content=\"Est. reading time\" \/>\n\t<meta name=\"twitter:data2\" content=\"1 minuta\" \/>\n<script type=\"application\/ld+json\" class=\"yoast-schema-graph\">{\"@context\":\"https:\/\/schema.org\",\"@graph\":[{\"@type\":\"Article\",\"@id\":\"https:\/\/webalkans.eu\/bs\/news\/creative-europe-call-for-european-cooperation-projects-open\/#article\",\"isPartOf\":{\"@id\":\"https:\/\/webalkans.eu\/bs\/news\/creative-europe-call-for-european-cooperation-projects-open\/\"},\"author\":{\"name\":\"007designstudio@gmail.com\",\"@id\":\"https:\/\/webalkans.eu\/bs\/#\/schema\/person\/95a8ea19ef21de3b7766e9b65ffdb4da\"},\"headline\":\"Creative Europe otvara poziv za projekte evropske saradnje\",\"datePublished\":\"2023-10-27T12:45:26+00:00\",\"dateModified\":\"2023-11-06T10:27:05+00:00\",\"mainEntityOfPage\":{\"@id\":\"https:\/\/webalkans.eu\/bs\/news\/creative-europe-call-for-european-cooperation-projects-open\/\"},\"wordCount\":146,\"publisher\":{\"@id\":\"https:\/\/webalkans.eu\/bs\/#organization\"},\"image\":{\"@id\":\"https:\/\/webalkans.eu\/bs\/news\/creative-europe-call-for-european-cooperation-projects-open\/#primaryimage\"},\"thumbnailUrl\":\"https:\/\/webalkans.eu\/wp-content\/uploads\/2023\/10\/9-1.png\",\"inLanguage\":\"bs-BA\"},{\"@type\":\"WebPage\",\"@id\":\"https:\/\/webalkans.eu\/bs\/news\/creative-europe-call-for-european-cooperation-projects-open\/\",\"url\":\"https:\/\/webalkans.eu\/bs\/news\/creative-europe-call-for-european-cooperation-projects-open\/\",\"name\":\"Creative Europe otvara poziv za projekte evropske saradnje News | WeBalkans\",\"isPartOf\":{\"@id\":\"https:\/\/webalkans.eu\/bs\/#website\"},\"primaryImageOfPage\":{\"@id\":\"https:\/\/webalkans.eu\/bs\/news\/creative-europe-call-for-european-cooperation-projects-open\/#primaryimage\"},\"image\":{\"@id\":\"https:\/\/webalkans.eu\/bs\/news\/creative-europe-call-for-european-cooperation-projects-open\/#primaryimage\"},\"thumbnailUrl\":\"https:\/\/webalkans.eu\/wp-content\/uploads\/2023\/10\/9-1.png\",\"datePublished\":\"2023-10-27T12:45:26+00:00\",\"dateModified\":\"2023-11-06T10:27:05+00:00\",\"description\":\"Creative Europe otvara poziv za projekte evropske saradnje\",\"breadcrumb\":{\"@id\":\"https:\/\/webalkans.eu\/bs\/news\/creative-europe-call-for-european-cooperation-projects-open\/#breadcrumb\"},\"inLanguage\":\"bs-BA\",\"potentialAction\":[{\"@type\":\"ReadAction\",\"target\":[\"https:\/\/webalkans.eu\/bs\/news\/creative-europe-call-for-european-cooperation-projects-open\/\"]}]},{\"@type\":\"ImageObject\",\"inLanguage\":\"bs-BA\",\"@id\":\"https:\/\/webalkans.eu\/bs\/news\/creative-europe-call-for-european-cooperation-projects-open\/#primaryimage\",\"url\":\"https:\/\/webalkans.eu\/wp-content\/uploads\/2023\/10\/9-1.png\",\"contentUrl\":\"https:\/\/webalkans.eu\/wp-content\/uploads\/2023\/10\/9-1.png\",\"width\":1380,\"height\":776},{\"@type\":\"BreadcrumbList\",\"@id\":\"https:\/\/webalkans.eu\/bs\/news\/creative-europe-call-for-european-cooperation-projects-open\/#breadcrumb\",\"itemListElement\":[{\"@type\":\"ListItem\",\"position\":1,\"name\":\"Home\",\"item\":\"https:\/\/webalkans.eu\/bs\/homepage\/\"},{\"@type\":\"ListItem\",\"position\":2,\"name\":\"Creative Europe otvara poziv za projekte evropske saradnje\"}]},{\"@type\":\"WebSite\",\"@id\":\"https:\/\/webalkans.eu\/bs\/#website\",\"url\":\"https:\/\/webalkans.eu\/bs\/\",\"name\":\"WeBalkans | EU Projects in the Western Balkans\",\"description\":\"\",\"publisher\":{\"@id\":\"https:\/\/webalkans.eu\/bs\/#organization\"},\"potentialAction\":[{\"@type\":\"SearchAction\",\"target\":{\"@type\":\"EntryPoint\",\"urlTemplate\":\"https:\/\/webalkans.eu\/bs\/?s={search_term_string}\"},\"query-input\":{\"@type\":\"PropertyValueSpecification\",\"valueRequired\":true,\"valueName\":\"search_term_string\"}}],\"inLanguage\":\"bs-BA\"},{\"@type\":\"Organization\",\"@id\":\"https:\/\/webalkans.eu\/bs\/#organization\",\"name\":\"European Union\",\"url\":\"https:\/\/webalkans.eu\/bs\/\",\"logo\":{\"@type\":\"ImageObject\",\"inLanguage\":\"bs-BA\",\"@id\":\"https:\/\/webalkans.eu\/bs\/#\/schema\/logo\/image\/\",\"url\":\"https:\/\/webalkans.eu\/wp-content\/uploads\/2020\/11\/eu_flag.jpg\",\"contentUrl\":\"https:\/\/webalkans.eu\/wp-content\/uploads\/2020\/11\/eu_flag.jpg\",\"width\":600,\"height\":401,\"caption\":\"European Union\"},\"image\":{\"@id\":\"https:\/\/webalkans.eu\/bs\/#\/schema\/logo\/image\/\"},\"sameAs\":[\"https:\/\/www.facebook.com\/webalkans.eu\",\"https:\/\/x.com\/WeBalkans\"]},{\"@type\":\"Person\",\"@id\":\"https:\/\/webalkans.eu\/bs\/#\/schema\/person\/95a8ea19ef21de3b7766e9b65ffdb4da\",\"name\":\"007designstudio@gmail.com\"}]}<\/script>\n<!-- \/ Yoast SEO plugin. -->","yoast_head_json":{"title":"Creative Europe otvara poziv za projekte evropske saradnje News | WeBalkans","description":"Creative Europe otvara poziv za projekte evropske saradnje","robots":{"index":"index","follow":"follow","max-snippet":"max-snippet:-1","max-image-preview":"max-image-preview:large","max-video-preview":"max-video-preview:-1"},"canonical":"https:\/\/webalkans.eu\/bs\/news\/creative-europe-call-for-european-cooperation-projects-open\/","og_locale":"bs_BA","og_type":"article","og_title":"Creative Europe otvara poziv za projekte evropske saradnje News | WeBalkans","og_description":"Creative Europe otvara poziv za projekte evropske saradnje","og_url":"https:\/\/webalkans.eu\/bs\/news\/creative-europe-call-for-european-cooperation-projects-open\/","og_site_name":"WeBalkans | EU Projects in the Western Balkans","article_publisher":"https:\/\/www.facebook.com\/webalkans.eu","article_published_time":"2023-10-27T12:45:26+00:00","article_modified_time":"2023-11-06T10:27:05+00:00","og_image":[{"width":1380,"height":776,"url":"https:\/\/webalkans.eu\/wp-content\/uploads\/2023\/10\/9-1.png","type":"image\/png"}],"author":"007designstudio@gmail.com","twitter_card":"summary_large_image","twitter_creator":"@WeBalkans","twitter_site":"@WeBalkans","twitter_misc":{"Written by":"007designstudio@gmail.com","Est. reading time":"1 minuta"},"schema":{"@context":"https:\/\/schema.org","@graph":[{"@type":"Article","@id":"https:\/\/webalkans.eu\/bs\/news\/creative-europe-call-for-european-cooperation-projects-open\/#article","isPartOf":{"@id":"https:\/\/webalkans.eu\/bs\/news\/creative-europe-call-for-european-cooperation-projects-open\/"},"author":{"name":"007designstudio@gmail.com","@id":"https:\/\/webalkans.eu\/bs\/#\/schema\/person\/95a8ea19ef21de3b7766e9b65ffdb4da"},"headline":"Creative Europe otvara poziv za projekte evropske saradnje","datePublished":"2023-10-27T12:45:26+00:00","dateModified":"2023-11-06T10:27:05+00:00","mainEntityOfPage":{"@id":"https:\/\/webalkans.eu\/bs\/news\/creative-europe-call-for-european-cooperation-projects-open\/"},"wordCount":146,"publisher":{"@id":"https:\/\/webalkans.eu\/bs\/#organization"},"image":{"@id":"https:\/\/webalkans.eu\/bs\/news\/creative-europe-call-for-european-cooperation-projects-open\/#primaryimage"},"thumbnailUrl":"https:\/\/webalkans.eu\/wp-content\/uploads\/2023\/10\/9-1.png","inLanguage":"bs-BA"},{"@type":"WebPage","@id":"https:\/\/webalkans.eu\/bs\/news\/creative-europe-call-for-european-cooperation-projects-open\/","url":"https:\/\/webalkans.eu\/bs\/news\/creative-europe-call-for-european-cooperation-projects-open\/","name":"Creative Europe otvara poziv za projekte evropske saradnje News | WeBalkans","isPartOf":{"@id":"https:\/\/webalkans.eu\/bs\/#website"},"primaryImageOfPage":{"@id":"https:\/\/webalkans.eu\/bs\/news\/creative-europe-call-for-european-cooperation-projects-open\/#primaryimage"},"image":{"@id":"https:\/\/webalkans.eu\/bs\/news\/creative-europe-call-for-european-cooperation-projects-open\/#primaryimage"},"thumbnailUrl":"https:\/\/webalkans.eu\/wp-content\/uploads\/2023\/10\/9-1.png","datePublished":"2023-10-27T12:45:26+00:00","dateModified":"2023-11-06T10:27:05+00:00","description":"Creative Europe otvara poziv za projekte evropske saradnje","breadcrumb":{"@id":"https:\/\/webalkans.eu\/bs\/news\/creative-europe-call-for-european-cooperation-projects-open\/#breadcrumb"},"inLanguage":"bs-BA","potentialAction":[{"@type":"ReadAction","target":["https:\/\/webalkans.eu\/bs\/news\/creative-europe-call-for-european-cooperation-projects-open\/"]}]},{"@type":"ImageObject","inLanguage":"bs-BA","@id":"https:\/\/webalkans.eu\/bs\/news\/creative-europe-call-for-european-cooperation-projects-open\/#primaryimage","url":"https:\/\/webalkans.eu\/wp-content\/uploads\/2023\/10\/9-1.png","contentUrl":"https:\/\/webalkans.eu\/wp-content\/uploads\/2023\/10\/9-1.png","width":1380,"height":776},{"@type":"BreadcrumbList","@id":"https:\/\/webalkans.eu\/bs\/news\/creative-europe-call-for-european-cooperation-projects-open\/#breadcrumb","itemListElement":[{"@type":"ListItem","position":1,"name":"Home","item":"https:\/\/webalkans.eu\/bs\/homepage\/"},{"@type":"ListItem","position":2,"name":"Creative Europe otvara poziv za projekte evropske saradnje"}]},{"@type":"WebSite","@id":"https:\/\/webalkans.eu\/bs\/#website","url":"https:\/\/webalkans.eu\/bs\/","name":"WeBalkans | EU Projects in the Western Balkans","description":"","publisher":{"@id":"https:\/\/webalkans.eu\/bs\/#organization"},"potentialAction":[{"@type":"SearchAction","target":{"@type":"EntryPoint","urlTemplate":"https:\/\/webalkans.eu\/bs\/?s={search_term_string}"},"query-input":{"@type":"PropertyValueSpecification","valueRequired":true,"valueName":"search_term_string"}}],"inLanguage":"bs-BA"},{"@type":"Organization","@id":"https:\/\/webalkans.eu\/bs\/#organization","name":"European Union","url":"https:\/\/webalkans.eu\/bs\/","logo":{"@type":"ImageObject","inLanguage":"bs-BA","@id":"https:\/\/webalkans.eu\/bs\/#\/schema\/logo\/image\/","url":"https:\/\/webalkans.eu\/wp-content\/uploads\/2020\/11\/eu_flag.jpg","contentUrl":"https:\/\/webalkans.eu\/wp-content\/uploads\/2020\/11\/eu_flag.jpg","width":600,"height":401,"caption":"European Union"},"image":{"@id":"https:\/\/webalkans.eu\/bs\/#\/schema\/logo\/image\/"},"sameAs":["https:\/\/www.facebook.com\/webalkans.eu","https:\/\/x.com\/WeBalkans"]},{"@type":"Person","@id":"https:\/\/webalkans.eu\/bs\/#\/schema\/person\/95a8ea19ef21de3b7766e9b65ffdb4da","name":"007designstudio@gmail.com"}]}},"_links":{"self":[{"href":"https:\/\/webalkans.eu\/bs\/wp-json\/wp\/v2\/posts\/1226396"}],"collection":[{"href":"https:\/\/webalkans.eu\/bs\/wp-json\/wp\/v2\/posts"}],"about":[{"href":"https:\/\/webalkans.eu\/bs\/wp-json\/wp\/v2\/types\/post"}],"author":[{"embeddable":true,"href":"https:\/\/webalkans.eu\/bs\/wp-json\/wp\/v2\/users\/152227"}],"replies":[{"embeddable":true,"href":"https:\/\/webalkans.eu\/bs\/wp-json\/wp\/v2\/comments?post=1226396"}],"version-history":[{"count":0,"href":"https:\/\/webalkans.eu\/bs\/wp-json\/wp\/v2\/posts\/1226396\/revisions"}],"wp:featuredmedia":[{"embeddable":true,"href":"https:\/\/webalkans.eu\/bs\/wp-json\/wp\/v2\/media\/1220945"}],"wp:attachment":[{"href":"https:\/\/webalkans.eu\/bs\/wp-json\/wp\/v2\/media?parent=1226396"}],"wp:term":[{"taxonomy":"country-for-news","embeddable":true,"href":"https:\/\/webalkans.eu\/bs\/wp-json\/wp\/v2\/country-for-news?post=1226396"}],"curies":[{"name":"wp","href":"https:\/\/api.w.org\/{rel}","templated":true}]}}