
{"id":1216419,"date":"2023-10-12T12:44:39","date_gmt":"2023-10-12T10:44:39","guid":{"rendered":"https:\/\/webalkans.eu\/news\/wb-youth-forum-2023-in-tirana-empowering-youth-to-act-on-berlin-declaration\/"},"modified":"2023-10-23T11:52:15","modified_gmt":"2023-10-23T09:52:15","slug":"wb-youth-forum-2023-in-tirana-empowering-youth-to-act-on-berlin-declaration","status":"publish","type":"post","link":"https:\/\/webalkans.eu\/bs\/news\/wb-youth-forum-2023-in-tirana-empowering-youth-to-act-on-berlin-declaration\/","title":{"rendered":"Forum mladih Zapadnog Balkana 2023. u Tirani: Osna\u017eivanje mladih da djeluju u skladu sa Berlinskom deklaracijom"},"content":{"rendered":"<div>\n<p><span lang=\"EN-GB\">Pod temom &#8220;Omladinski Balkan ekspres,&#8221; forum je okupio vi\u0161e od 90 u\u010desnika, uklju\u010duju\u0107i 36 mladih predstavnika iz regiona, ministre, razli\u010dite lokalne i regionalne dionike, institucionalne predstavnike i druge. Na kraju, stvoren je prostor i platforma za mlade da prate razvoje doga\u0111aja koji proizlaze iz Berlinske deklaracije 2022. godine, postavljaju stubove Deklaracije za 2023. godinu i zapo\u010dnu opipljive akcije i aktivnosti za preno\u0161enje ovih te\u017enji u stvarnost. Pored toga, stvorila se prilika da se o svemu ovome govori za stolom za dono\u0161enje visokih odluka aktera Zapadnog Balkana i EU.<\/span><\/p>\n<p>&nbsp;<\/p>\n<\/div>\n<div>\n<p><span lang=\"EN-GB\">Tako\u0111e su Mladi evropski ambasadori u\u010destvovali na forumu, neki kao u\u010desnici, a drugi kao moderatori.<\/span><\/p>\n<p>&nbsp;<\/p>\n<\/div>\n<div>\n<p><span lang=\"EN-GB\">Doga\u0111aj je po\u010deo u Centru za otvorenost i dijalog u Tirani, a odatle su svi u\u010desnici krenuli na putovanje vozom od Elbasana do Dra\u010da. Tokom vo\u017enje, mladi su se uklju\u010dili u produktivne diskusije fokusiraju\u0107i se na 3 glavna stuba Berlinske deklaracije kako bi oblikovali akcione planove. Dan kasnije, mladi su i formalno predstavili akcione ta\u010dke lokalnim zainteresovanim stranama na zavr\u0161nom doga\u0111aju u Piramida Centru.<\/span><\/p>\n<p>&nbsp;<\/p>\n<\/div>\n<div>\n<p><span lang=\"EN-GB\">Forum je odigrao klju\u010dnu ulogu u \u0161irem okviru Berlinskog procesa zapo\u010detog 2014. godine, \u010diji je cilj podsticanje regionalne integracije i ja\u010danje veza sa EU. U okviru ove inicijative, Regionalna kancelarija za saradnju mladih (RYCO) se pojavila kao vitalni institucionalni mehanizam, koji povezuje i osna\u017euje mlade Zapadnog Balkana. Predstoje\u0107i Samit Berlinskog procesa 2023. u Tirani 16. oktobra obe\u0107ava ne samo da \u0107e pokazati posve\u0107enost regiona integraciji, ve\u0107 i da \u0107e osna\u017eiti njegovu omladinu i u\u010dvrstiti saradnju me\u0111u donosiocima odluka.<\/span><\/p>\n<p>&nbsp;<\/p>\n<\/div>\n<div>\n<p><span lang=\"EN-GB\">36 mladih predstavnika iz regiona koji su u\u010destvovali na Forumu mladih Zapadnog Balkana 2023. pozvali su razli\u010dite zainteresovane strane i donosioce odluka da razmotre formulisane akcione ta\u010dke i da sara\u0111uju u raznim vidovima.<\/span><\/p>\n<\/div>\n","protected":false},"excerpt":{"rendered":"<p>Pod temom &#8220;Omladinski Balkan ekspres,&#8221; forum je okupio vi\u0161e od 90 u\u010desnika, uklju\u010duju\u0107i 36 mladih predstavnika iz regiona, ministre, razli\u010dite lokalne i regionalne dionike, institucionalne <\/p>\n","protected":false},"author":152227,"featured_media":1210204,"comment_status":"closed","ping_status":"closed","sticky":false,"template":"","format":"standard","meta":{"_acf_changed":false,"_monsterinsights_skip_tracking":false,"_monsterinsights_sitenote_active":false,"_monsterinsights_sitenote_note":"","_monsterinsights_sitenote_category":0,"footnotes":""},"country-for-news":[442,416,420,425,432,438],"class_list":["post-1216419","post","type-post","status-publish","format-standard","has-post-thumbnail","hentry","wb_theme-culture-and-youth","country-for-news-serbia","country-for-news-albania","country-for-news-bosnia-and-herzegovina","country-for-news-kosovo","country-for-news-montenegro","country-for-news-north-macedonia"],"acf":[],"yoast_head":"<!-- This site is optimized with the Yoast SEO plugin v25.3.1 - https:\/\/yoast.com\/wordpress\/plugins\/seo\/ -->\n<title>Forum mladih Zapadnog Balkana 2023. u Tirani: Osna\u017eivanje mladih da djeluju u skladu sa Berlinskom deklaracijom News | WeBalkans<\/title>\n<meta name=\"description\" content=\"Forum mladih Zapadnog Balkana 2023. u Tirani: Osna\u017eivanje mladih da djeluju u skladu sa Berlinskom deklaracijom\" \/>\n<meta name=\"robots\" content=\"index, follow, max-snippet:-1, max-image-preview:large, max-video-preview:-1\" \/>\n<link rel=\"canonical\" href=\"https:\/\/webalkans.eu\/bs\/news\/wb-youth-forum-2023-in-tirana-empowering-youth-to-act-on-berlin-declaration\/\" \/>\n<meta property=\"og:locale\" content=\"bs_BA\" \/>\n<meta property=\"og:type\" content=\"article\" \/>\n<meta property=\"og:title\" content=\"Forum mladih Zapadnog Balkana 2023. u Tirani: Osna\u017eivanje mladih da djeluju u skladu sa Berlinskom deklaracijom News | WeBalkans\" \/>\n<meta property=\"og:description\" content=\"Forum mladih Zapadnog Balkana 2023. u Tirani: Osna\u017eivanje mladih da djeluju u skladu sa Berlinskom deklaracijom\" \/>\n<meta property=\"og:url\" content=\"https:\/\/webalkans.eu\/bs\/news\/wb-youth-forum-2023-in-tirana-empowering-youth-to-act-on-berlin-declaration\/\" \/>\n<meta property=\"og:site_name\" content=\"WeBalkans | EU Projects in the Western Balkans\" \/>\n<meta property=\"article:publisher\" content=\"https:\/\/www.facebook.com\/webalkans.eu\" \/>\n<meta property=\"article:published_time\" content=\"2023-10-12T10:44:39+00:00\" \/>\n<meta property=\"article:modified_time\" content=\"2023-10-23T09:52:15+00:00\" \/>\n<meta property=\"og:image\" content=\"https:\/\/webalkans.eu\/wp-content\/uploads\/2023\/10\/6-1.jpeg\" \/>\n\t<meta property=\"og:image:width\" content=\"1140\" \/>\n\t<meta property=\"og:image:height\" content=\"640\" \/>\n\t<meta property=\"og:image:type\" content=\"image\/jpeg\" \/>\n<meta name=\"author\" content=\"007designstudio@gmail.com\" \/>\n<meta name=\"twitter:card\" content=\"summary_large_image\" \/>\n<meta name=\"twitter:creator\" content=\"@WeBalkans\" \/>\n<meta name=\"twitter:site\" content=\"@WeBalkans\" \/>\n<meta name=\"twitter:label1\" content=\"Written by\" \/>\n\t<meta name=\"twitter:data1\" content=\"007designstudio@gmail.com\" \/>\n\t<meta name=\"twitter:label2\" content=\"Est. reading time\" \/>\n\t<meta name=\"twitter:data2\" content=\"2 minute\" \/>\n<script type=\"application\/ld+json\" class=\"yoast-schema-graph\">{\"@context\":\"https:\/\/schema.org\",\"@graph\":[{\"@type\":\"Article\",\"@id\":\"https:\/\/webalkans.eu\/bs\/news\/wb-youth-forum-2023-in-tirana-empowering-youth-to-act-on-berlin-declaration\/#article\",\"isPartOf\":{\"@id\":\"https:\/\/webalkans.eu\/bs\/news\/wb-youth-forum-2023-in-tirana-empowering-youth-to-act-on-berlin-declaration\/\"},\"author\":{\"name\":\"007designstudio@gmail.com\",\"@id\":\"https:\/\/webalkans.eu\/bs\/#\/schema\/person\/95a8ea19ef21de3b7766e9b65ffdb4da\"},\"headline\":\"Forum mladih Zapadnog Balkana 2023. u Tirani: Osna\u017eivanje mladih da djeluju u skladu sa Berlinskom deklaracijom\",\"datePublished\":\"2023-10-12T10:44:39+00:00\",\"dateModified\":\"2023-10-23T09:52:15+00:00\",\"mainEntityOfPage\":{\"@id\":\"https:\/\/webalkans.eu\/bs\/news\/wb-youth-forum-2023-in-tirana-empowering-youth-to-act-on-berlin-declaration\/\"},\"wordCount\":325,\"publisher\":{\"@id\":\"https:\/\/webalkans.eu\/bs\/#organization\"},\"image\":{\"@id\":\"https:\/\/webalkans.eu\/bs\/news\/wb-youth-forum-2023-in-tirana-empowering-youth-to-act-on-berlin-declaration\/#primaryimage\"},\"thumbnailUrl\":\"https:\/\/webalkans.eu\/wp-content\/uploads\/2023\/10\/6-1.jpeg\",\"inLanguage\":\"bs-BA\"},{\"@type\":\"WebPage\",\"@id\":\"https:\/\/webalkans.eu\/bs\/news\/wb-youth-forum-2023-in-tirana-empowering-youth-to-act-on-berlin-declaration\/\",\"url\":\"https:\/\/webalkans.eu\/bs\/news\/wb-youth-forum-2023-in-tirana-empowering-youth-to-act-on-berlin-declaration\/\",\"name\":\"Forum mladih Zapadnog Balkana 2023. u Tirani: Osna\u017eivanje mladih da djeluju u skladu sa Berlinskom deklaracijom News | WeBalkans\",\"isPartOf\":{\"@id\":\"https:\/\/webalkans.eu\/bs\/#website\"},\"primaryImageOfPage\":{\"@id\":\"https:\/\/webalkans.eu\/bs\/news\/wb-youth-forum-2023-in-tirana-empowering-youth-to-act-on-berlin-declaration\/#primaryimage\"},\"image\":{\"@id\":\"https:\/\/webalkans.eu\/bs\/news\/wb-youth-forum-2023-in-tirana-empowering-youth-to-act-on-berlin-declaration\/#primaryimage\"},\"thumbnailUrl\":\"https:\/\/webalkans.eu\/wp-content\/uploads\/2023\/10\/6-1.jpeg\",\"datePublished\":\"2023-10-12T10:44:39+00:00\",\"dateModified\":\"2023-10-23T09:52:15+00:00\",\"description\":\"Forum mladih Zapadnog Balkana 2023. u Tirani: Osna\u017eivanje mladih da djeluju u skladu sa Berlinskom deklaracijom\",\"breadcrumb\":{\"@id\":\"https:\/\/webalkans.eu\/bs\/news\/wb-youth-forum-2023-in-tirana-empowering-youth-to-act-on-berlin-declaration\/#breadcrumb\"},\"inLanguage\":\"bs-BA\",\"potentialAction\":[{\"@type\":\"ReadAction\",\"target\":[\"https:\/\/webalkans.eu\/bs\/news\/wb-youth-forum-2023-in-tirana-empowering-youth-to-act-on-berlin-declaration\/\"]}]},{\"@type\":\"ImageObject\",\"inLanguage\":\"bs-BA\",\"@id\":\"https:\/\/webalkans.eu\/bs\/news\/wb-youth-forum-2023-in-tirana-empowering-youth-to-act-on-berlin-declaration\/#primaryimage\",\"url\":\"https:\/\/webalkans.eu\/wp-content\/uploads\/2023\/10\/6-1.jpeg\",\"contentUrl\":\"https:\/\/webalkans.eu\/wp-content\/uploads\/2023\/10\/6-1.jpeg\",\"width\":1140,\"height\":640},{\"@type\":\"BreadcrumbList\",\"@id\":\"https:\/\/webalkans.eu\/bs\/news\/wb-youth-forum-2023-in-tirana-empowering-youth-to-act-on-berlin-declaration\/#breadcrumb\",\"itemListElement\":[{\"@type\":\"ListItem\",\"position\":1,\"name\":\"Home\",\"item\":\"https:\/\/webalkans.eu\/bs\/homepage\/\"},{\"@type\":\"ListItem\",\"position\":2,\"name\":\"Forum mladih Zapadnog Balkana 2023. u Tirani: Osna\u017eivanje mladih da djeluju u skladu sa Berlinskom deklaracijom\"}]},{\"@type\":\"WebSite\",\"@id\":\"https:\/\/webalkans.eu\/bs\/#website\",\"url\":\"https:\/\/webalkans.eu\/bs\/\",\"name\":\"WeBalkans | EU Projects in the Western Balkans\",\"description\":\"\",\"publisher\":{\"@id\":\"https:\/\/webalkans.eu\/bs\/#organization\"},\"potentialAction\":[{\"@type\":\"SearchAction\",\"target\":{\"@type\":\"EntryPoint\",\"urlTemplate\":\"https:\/\/webalkans.eu\/bs\/?s={search_term_string}\"},\"query-input\":{\"@type\":\"PropertyValueSpecification\",\"valueRequired\":true,\"valueName\":\"search_term_string\"}}],\"inLanguage\":\"bs-BA\"},{\"@type\":\"Organization\",\"@id\":\"https:\/\/webalkans.eu\/bs\/#organization\",\"name\":\"European Union\",\"url\":\"https:\/\/webalkans.eu\/bs\/\",\"logo\":{\"@type\":\"ImageObject\",\"inLanguage\":\"bs-BA\",\"@id\":\"https:\/\/webalkans.eu\/bs\/#\/schema\/logo\/image\/\",\"url\":\"https:\/\/webalkans.eu\/wp-content\/uploads\/2020\/11\/eu_flag.jpg\",\"contentUrl\":\"https:\/\/webalkans.eu\/wp-content\/uploads\/2020\/11\/eu_flag.jpg\",\"width\":600,\"height\":401,\"caption\":\"European Union\"},\"image\":{\"@id\":\"https:\/\/webalkans.eu\/bs\/#\/schema\/logo\/image\/\"},\"sameAs\":[\"https:\/\/www.facebook.com\/webalkans.eu\",\"https:\/\/x.com\/WeBalkans\"]},{\"@type\":\"Person\",\"@id\":\"https:\/\/webalkans.eu\/bs\/#\/schema\/person\/95a8ea19ef21de3b7766e9b65ffdb4da\",\"name\":\"007designstudio@gmail.com\"}]}<\/script>\n<!-- \/ Yoast SEO plugin. -->","yoast_head_json":{"title":"Forum mladih Zapadnog Balkana 2023. u Tirani: Osna\u017eivanje mladih da djeluju u skladu sa Berlinskom deklaracijom News | WeBalkans","description":"Forum mladih Zapadnog Balkana 2023. u Tirani: Osna\u017eivanje mladih da djeluju u skladu sa Berlinskom deklaracijom","robots":{"index":"index","follow":"follow","max-snippet":"max-snippet:-1","max-image-preview":"max-image-preview:large","max-video-preview":"max-video-preview:-1"},"canonical":"https:\/\/webalkans.eu\/bs\/news\/wb-youth-forum-2023-in-tirana-empowering-youth-to-act-on-berlin-declaration\/","og_locale":"bs_BA","og_type":"article","og_title":"Forum mladih Zapadnog Balkana 2023. u Tirani: Osna\u017eivanje mladih da djeluju u skladu sa Berlinskom deklaracijom News | WeBalkans","og_description":"Forum mladih Zapadnog Balkana 2023. u Tirani: Osna\u017eivanje mladih da djeluju u skladu sa Berlinskom deklaracijom","og_url":"https:\/\/webalkans.eu\/bs\/news\/wb-youth-forum-2023-in-tirana-empowering-youth-to-act-on-berlin-declaration\/","og_site_name":"WeBalkans | EU Projects in the Western Balkans","article_publisher":"https:\/\/www.facebook.com\/webalkans.eu","article_published_time":"2023-10-12T10:44:39+00:00","article_modified_time":"2023-10-23T09:52:15+00:00","og_image":[{"width":1140,"height":640,"url":"https:\/\/webalkans.eu\/wp-content\/uploads\/2023\/10\/6-1.jpeg","type":"image\/jpeg"}],"author":"007designstudio@gmail.com","twitter_card":"summary_large_image","twitter_creator":"@WeBalkans","twitter_site":"@WeBalkans","twitter_misc":{"Written by":"007designstudio@gmail.com","Est. reading time":"2 minute"},"schema":{"@context":"https:\/\/schema.org","@graph":[{"@type":"Article","@id":"https:\/\/webalkans.eu\/bs\/news\/wb-youth-forum-2023-in-tirana-empowering-youth-to-act-on-berlin-declaration\/#article","isPartOf":{"@id":"https:\/\/webalkans.eu\/bs\/news\/wb-youth-forum-2023-in-tirana-empowering-youth-to-act-on-berlin-declaration\/"},"author":{"name":"007designstudio@gmail.com","@id":"https:\/\/webalkans.eu\/bs\/#\/schema\/person\/95a8ea19ef21de3b7766e9b65ffdb4da"},"headline":"Forum mladih Zapadnog Balkana 2023. u Tirani: Osna\u017eivanje mladih da djeluju u skladu sa Berlinskom deklaracijom","datePublished":"2023-10-12T10:44:39+00:00","dateModified":"2023-10-23T09:52:15+00:00","mainEntityOfPage":{"@id":"https:\/\/webalkans.eu\/bs\/news\/wb-youth-forum-2023-in-tirana-empowering-youth-to-act-on-berlin-declaration\/"},"wordCount":325,"publisher":{"@id":"https:\/\/webalkans.eu\/bs\/#organization"},"image":{"@id":"https:\/\/webalkans.eu\/bs\/news\/wb-youth-forum-2023-in-tirana-empowering-youth-to-act-on-berlin-declaration\/#primaryimage"},"thumbnailUrl":"https:\/\/webalkans.eu\/wp-content\/uploads\/2023\/10\/6-1.jpeg","inLanguage":"bs-BA"},{"@type":"WebPage","@id":"https:\/\/webalkans.eu\/bs\/news\/wb-youth-forum-2023-in-tirana-empowering-youth-to-act-on-berlin-declaration\/","url":"https:\/\/webalkans.eu\/bs\/news\/wb-youth-forum-2023-in-tirana-empowering-youth-to-act-on-berlin-declaration\/","name":"Forum mladih Zapadnog Balkana 2023. u Tirani: Osna\u017eivanje mladih da djeluju u skladu sa Berlinskom deklaracijom News | WeBalkans","isPartOf":{"@id":"https:\/\/webalkans.eu\/bs\/#website"},"primaryImageOfPage":{"@id":"https:\/\/webalkans.eu\/bs\/news\/wb-youth-forum-2023-in-tirana-empowering-youth-to-act-on-berlin-declaration\/#primaryimage"},"image":{"@id":"https:\/\/webalkans.eu\/bs\/news\/wb-youth-forum-2023-in-tirana-empowering-youth-to-act-on-berlin-declaration\/#primaryimage"},"thumbnailUrl":"https:\/\/webalkans.eu\/wp-content\/uploads\/2023\/10\/6-1.jpeg","datePublished":"2023-10-12T10:44:39+00:00","dateModified":"2023-10-23T09:52:15+00:00","description":"Forum mladih Zapadnog Balkana 2023. u Tirani: Osna\u017eivanje mladih da djeluju u skladu sa Berlinskom deklaracijom","breadcrumb":{"@id":"https:\/\/webalkans.eu\/bs\/news\/wb-youth-forum-2023-in-tirana-empowering-youth-to-act-on-berlin-declaration\/#breadcrumb"},"inLanguage":"bs-BA","potentialAction":[{"@type":"ReadAction","target":["https:\/\/webalkans.eu\/bs\/news\/wb-youth-forum-2023-in-tirana-empowering-youth-to-act-on-berlin-declaration\/"]}]},{"@type":"ImageObject","inLanguage":"bs-BA","@id":"https:\/\/webalkans.eu\/bs\/news\/wb-youth-forum-2023-in-tirana-empowering-youth-to-act-on-berlin-declaration\/#primaryimage","url":"https:\/\/webalkans.eu\/wp-content\/uploads\/2023\/10\/6-1.jpeg","contentUrl":"https:\/\/webalkans.eu\/wp-content\/uploads\/2023\/10\/6-1.jpeg","width":1140,"height":640},{"@type":"BreadcrumbList","@id":"https:\/\/webalkans.eu\/bs\/news\/wb-youth-forum-2023-in-tirana-empowering-youth-to-act-on-berlin-declaration\/#breadcrumb","itemListElement":[{"@type":"ListItem","position":1,"name":"Home","item":"https:\/\/webalkans.eu\/bs\/homepage\/"},{"@type":"ListItem","position":2,"name":"Forum mladih Zapadnog Balkana 2023. u Tirani: Osna\u017eivanje mladih da djeluju u skladu sa Berlinskom deklaracijom"}]},{"@type":"WebSite","@id":"https:\/\/webalkans.eu\/bs\/#website","url":"https:\/\/webalkans.eu\/bs\/","name":"WeBalkans | EU Projects in the Western Balkans","description":"","publisher":{"@id":"https:\/\/webalkans.eu\/bs\/#organization"},"potentialAction":[{"@type":"SearchAction","target":{"@type":"EntryPoint","urlTemplate":"https:\/\/webalkans.eu\/bs\/?s={search_term_string}"},"query-input":{"@type":"PropertyValueSpecification","valueRequired":true,"valueName":"search_term_string"}}],"inLanguage":"bs-BA"},{"@type":"Organization","@id":"https:\/\/webalkans.eu\/bs\/#organization","name":"European Union","url":"https:\/\/webalkans.eu\/bs\/","logo":{"@type":"ImageObject","inLanguage":"bs-BA","@id":"https:\/\/webalkans.eu\/bs\/#\/schema\/logo\/image\/","url":"https:\/\/webalkans.eu\/wp-content\/uploads\/2020\/11\/eu_flag.jpg","contentUrl":"https:\/\/webalkans.eu\/wp-content\/uploads\/2020\/11\/eu_flag.jpg","width":600,"height":401,"caption":"European Union"},"image":{"@id":"https:\/\/webalkans.eu\/bs\/#\/schema\/logo\/image\/"},"sameAs":["https:\/\/www.facebook.com\/webalkans.eu","https:\/\/x.com\/WeBalkans"]},{"@type":"Person","@id":"https:\/\/webalkans.eu\/bs\/#\/schema\/person\/95a8ea19ef21de3b7766e9b65ffdb4da","name":"007designstudio@gmail.com"}]}},"_links":{"self":[{"href":"https:\/\/webalkans.eu\/bs\/wp-json\/wp\/v2\/posts\/1216419"}],"collection":[{"href":"https:\/\/webalkans.eu\/bs\/wp-json\/wp\/v2\/posts"}],"about":[{"href":"https:\/\/webalkans.eu\/bs\/wp-json\/wp\/v2\/types\/post"}],"author":[{"embeddable":true,"href":"https:\/\/webalkans.eu\/bs\/wp-json\/wp\/v2\/users\/152227"}],"replies":[{"embeddable":true,"href":"https:\/\/webalkans.eu\/bs\/wp-json\/wp\/v2\/comments?post=1216419"}],"version-history":[{"count":0,"href":"https:\/\/webalkans.eu\/bs\/wp-json\/wp\/v2\/posts\/1216419\/revisions"}],"wp:featuredmedia":[{"embeddable":true,"href":"https:\/\/webalkans.eu\/bs\/wp-json\/wp\/v2\/media\/1210204"}],"wp:attachment":[{"href":"https:\/\/webalkans.eu\/bs\/wp-json\/wp\/v2\/media?parent=1216419"}],"wp:term":[{"taxonomy":"country-for-news","embeddable":true,"href":"https:\/\/webalkans.eu\/bs\/wp-json\/wp\/v2\/country-for-news?post=1216419"}],"curies":[{"name":"wp","href":"https:\/\/api.w.org\/{rel}","templated":true}]}}