
{"id":1196479,"date":"2023-07-19T16:00:04","date_gmt":"2023-07-19T14:00:04","guid":{"rendered":"https:\/\/webalkans.eu\/news\/screening-of-resources-agriculture-and-cohesion-cluster-kicks-off-with-albania-and-north-macedonia\/"},"modified":"2023-09-18T10:57:54","modified_gmt":"2023-09-18T08:57:54","slug":"screening-of-resources-agriculture-and-cohesion-cluster-kicks-off-with-albania-and-north-macedonia","status":"publish","type":"post","link":"https:\/\/webalkans.eu\/bs\/news\/screening-of-resources-agriculture-and-cohesion-cluster-kicks-off-with-albania-and-north-macedonia\/","title":{"rendered":"Skrining klastera resursa, poljoprivrede i kohezije po\u010dinje sa Albanijom i Sjevernom Makedonijom"},"content":{"rendered":"<p>17. jula odr\u017ean je prvi informativni sastanak o klasteru resursa, poljoprivrede i kohezije (<strong>Klaster 5<\/strong>). Klaster 5 pokriva poljoprivredu i ruralni razvoj, sigurnost hrane, veterinarsku i fitosanitarnu politiku, ribolov, regionalnu politiku i koordinaciju strukturnih instrumenata kao i finansijske i bud\u017eetske odredbe. Prva dva dana sastanaka bila su fokusirana na poljoprivredu, ruralni razvoj i ribolov, a nakon toga sigurnost hrane i bud\u017eetske odredbe. Bilateralni skrining sastanci za Klaster 1, 2, 3 i 4 su zavr\u0161eni.<\/p>\n<p>&nbsp;<\/p>\n<p style=\"font-weight: 400;\">Analiti\u010dko ispitivanje tijela zakona EU (acquis), takozvani skrining, omogu\u0107ava zemljama kandidatima upoznavanje sa zakonima i standardima EU i obavezama koje oni donose. Tako\u0111e, omogu\u0107ava preispitivanje nivoa pripremljenosti zemlje i planove za dalje uskla\u0111ivanje, te se tako dobiju\u00a0 preliminarne indikacije o pitanjima koja \u0107e se najvjerovatnije\u00a0pojaviti u pregovorima. Skrining je prvi korak u procesu pristupnih pregovora. Proces skrininga je strukturiran u \u0161est tematskih klastera. Ovi klasteri obuhvataju relevantna poglavlja acquis-a du\u017e \u0161irokih tema koje se odnose na dobro upravljanje, interno tr\u017ei\u0161te, ekonomsku konkurentnost i povezanost.<\/p>\n<p>&nbsp;<\/p>\n<p style=\"font-weight: 400;\">Za Albaniju i Sjevernu Makedoniju je po\u010deo ve\u0107 19. jula 2022. godine, odmah poslije Me\u0111uvladinih konferencija, a zavr\u0161io se u septembru za Klaster 1 &#8211; Osnove, oktobru za Klaster 2 &#8211; Interno tr\u017ei\u0161te, februaru za Klaster 3 &#8211; konkurentnost i inkluzivni rast i u junu za Klaster 4 &#8211; Zelena agenda i odr\u017eiva povezanost.<\/p>\n<p>&nbsp;<\/p>\n<p style=\"font-weight: 400;\">Vje\u017eba Skrininga se sastoji od dvije faze:<\/p>\n<p>&nbsp;<\/p>\n<p style=\"font-weight: 400;\">-uvodna sesija na kojoj odjeljenja Komisije obja\u0161njavaju poglavlje po poglavlje pravne tekovine (acquis) EU<\/p>\n<p>&nbsp;<\/p>\n<p style=\"font-weight: 400;\">-bilateralna sesija na kojoj je svaka zemlja kandidat pozvana da prezentuje svoj stav, po poglavljima, u svojim pripremama za usvajanje i implementaciju acquis-a<\/p>\n<p>&nbsp;<\/p>\n<p style=\"font-weight: 400;\">Evropska komisija \u0107e procijeniti i izvijestiti Savjet o stepenu pripremljenosti zemlje kandidata za dati klaster, o planovima zemlje kandidata za dalje pripreme i o preliminarnim naznakama pitanja koja \u0107e najvjerovatnije da se pojave u pregovorima.<\/p>\n<p>&nbsp;<\/p>\n<p style=\"font-weight: 400;\">Savjet \u0107e jednoglasno odlu\u010diti da li \u0107e definisati po\u010detna mjerila za svaki pregovara\u010dki klaster, na osnovu preporuke Komisije u izvje\u0161taju o skriningu.<\/p>\n","protected":false},"excerpt":{"rendered":"<p>17. jula odr\u017ean je prvi informativni sastanak o klasteru resursa, poljoprivrede i kohezije (Klaster 5). Klaster 5 pokriva poljoprivredu i ruralni razvoj, sigurnost hrane, veterinarsku <\/p>\n","protected":false},"author":152227,"featured_media":1167016,"comment_status":"closed","ping_status":"closed","sticky":false,"template":"","format":"standard","meta":{"_acf_changed":false,"_monsterinsights_skip_tracking":false,"_monsterinsights_sitenote_active":false,"_monsterinsights_sitenote_note":"","_monsterinsights_sitenote_category":0,"footnotes":""},"country-for-news":[416,438],"class_list":["post-1196479","post","type-post","status-publish","format-standard","has-post-thumbnail","hentry","wb_theme-environment","country-for-news-albania","country-for-news-north-macedonia"],"acf":[],"yoast_head":"<!-- This site is optimized with the Yoast SEO plugin v25.3.1 - https:\/\/yoast.com\/wordpress\/plugins\/seo\/ -->\n<title>Skrining klastera resursa, poljoprivrede i kohezije po\u010dinje sa Albanijom i Sjevernom Makedonijom News | WeBalkans<\/title>\n<meta name=\"description\" content=\"Skrining klastera resursa, poljoprivrede i kohezije po\u010dinje sa Albanijom i Sjevernom Makedonijom\" \/>\n<meta name=\"robots\" content=\"index, follow, max-snippet:-1, max-image-preview:large, max-video-preview:-1\" \/>\n<link rel=\"canonical\" href=\"https:\/\/webalkans.eu\/bs\/news\/screening-of-resources-agriculture-and-cohesion-cluster-kicks-off-with-albania-and-north-macedonia\/\" \/>\n<meta property=\"og:locale\" content=\"bs_BA\" \/>\n<meta property=\"og:type\" content=\"article\" \/>\n<meta property=\"og:title\" content=\"Skrining klastera resursa, poljoprivrede i kohezije po\u010dinje sa Albanijom i Sjevernom Makedonijom News | WeBalkans\" \/>\n<meta property=\"og:description\" content=\"Skrining klastera resursa, poljoprivrede i kohezije po\u010dinje sa Albanijom i Sjevernom Makedonijom\" \/>\n<meta property=\"og:url\" content=\"https:\/\/webalkans.eu\/bs\/news\/screening-of-resources-agriculture-and-cohesion-cluster-kicks-off-with-albania-and-north-macedonia\/\" \/>\n<meta property=\"og:site_name\" content=\"WeBalkans | EU Projects in the Western Balkans\" \/>\n<meta property=\"article:publisher\" content=\"https:\/\/www.facebook.com\/webalkans.eu\" \/>\n<meta property=\"article:published_time\" content=\"2023-07-19T14:00:04+00:00\" \/>\n<meta property=\"article:modified_time\" content=\"2023-09-18T08:57:54+00:00\" \/>\n<meta property=\"og:image\" content=\"https:\/\/webalkans.eu\/wp-content\/uploads\/2023\/07\/3-4.jpeg\" \/>\n\t<meta property=\"og:image:width\" content=\"900\" \/>\n\t<meta property=\"og:image:height\" content=\"600\" \/>\n\t<meta property=\"og:image:type\" content=\"image\/jpeg\" \/>\n<meta name=\"author\" content=\"007designstudio@gmail.com\" \/>\n<meta name=\"twitter:card\" content=\"summary_large_image\" \/>\n<meta name=\"twitter:creator\" content=\"@WeBalkans\" \/>\n<meta name=\"twitter:site\" content=\"@WeBalkans\" \/>\n<meta name=\"twitter:label1\" content=\"Written by\" \/>\n\t<meta name=\"twitter:data1\" content=\"007designstudio@gmail.com\" \/>\n\t<meta name=\"twitter:label2\" content=\"Est. reading time\" \/>\n\t<meta name=\"twitter:data2\" content=\"2 minute\" \/>\n<script type=\"application\/ld+json\" class=\"yoast-schema-graph\">{\"@context\":\"https:\/\/schema.org\",\"@graph\":[{\"@type\":\"Article\",\"@id\":\"https:\/\/webalkans.eu\/bs\/news\/screening-of-resources-agriculture-and-cohesion-cluster-kicks-off-with-albania-and-north-macedonia\/#article\",\"isPartOf\":{\"@id\":\"https:\/\/webalkans.eu\/bs\/news\/screening-of-resources-agriculture-and-cohesion-cluster-kicks-off-with-albania-and-north-macedonia\/\"},\"author\":{\"name\":\"007designstudio@gmail.com\",\"@id\":\"https:\/\/webalkans.eu\/bs\/#\/schema\/person\/95a8ea19ef21de3b7766e9b65ffdb4da\"},\"headline\":\"Skrining klastera resursa, poljoprivrede i kohezije po\u010dinje sa Albanijom i Sjevernom Makedonijom\",\"datePublished\":\"2023-07-19T14:00:04+00:00\",\"dateModified\":\"2023-09-18T08:57:54+00:00\",\"mainEntityOfPage\":{\"@id\":\"https:\/\/webalkans.eu\/bs\/news\/screening-of-resources-agriculture-and-cohesion-cluster-kicks-off-with-albania-and-north-macedonia\/\"},\"wordCount\":344,\"publisher\":{\"@id\":\"https:\/\/webalkans.eu\/bs\/#organization\"},\"image\":{\"@id\":\"https:\/\/webalkans.eu\/bs\/news\/screening-of-resources-agriculture-and-cohesion-cluster-kicks-off-with-albania-and-north-macedonia\/#primaryimage\"},\"thumbnailUrl\":\"https:\/\/webalkans.eu\/wp-content\/uploads\/2023\/07\/3-4.jpeg\",\"inLanguage\":\"bs-BA\"},{\"@type\":\"WebPage\",\"@id\":\"https:\/\/webalkans.eu\/bs\/news\/screening-of-resources-agriculture-and-cohesion-cluster-kicks-off-with-albania-and-north-macedonia\/\",\"url\":\"https:\/\/webalkans.eu\/bs\/news\/screening-of-resources-agriculture-and-cohesion-cluster-kicks-off-with-albania-and-north-macedonia\/\",\"name\":\"Skrining klastera resursa, poljoprivrede i kohezije po\u010dinje sa Albanijom i Sjevernom Makedonijom News | WeBalkans\",\"isPartOf\":{\"@id\":\"https:\/\/webalkans.eu\/bs\/#website\"},\"primaryImageOfPage\":{\"@id\":\"https:\/\/webalkans.eu\/bs\/news\/screening-of-resources-agriculture-and-cohesion-cluster-kicks-off-with-albania-and-north-macedonia\/#primaryimage\"},\"image\":{\"@id\":\"https:\/\/webalkans.eu\/bs\/news\/screening-of-resources-agriculture-and-cohesion-cluster-kicks-off-with-albania-and-north-macedonia\/#primaryimage\"},\"thumbnailUrl\":\"https:\/\/webalkans.eu\/wp-content\/uploads\/2023\/07\/3-4.jpeg\",\"datePublished\":\"2023-07-19T14:00:04+00:00\",\"dateModified\":\"2023-09-18T08:57:54+00:00\",\"description\":\"Skrining klastera resursa, poljoprivrede i kohezije po\u010dinje sa Albanijom i Sjevernom Makedonijom\",\"breadcrumb\":{\"@id\":\"https:\/\/webalkans.eu\/bs\/news\/screening-of-resources-agriculture-and-cohesion-cluster-kicks-off-with-albania-and-north-macedonia\/#breadcrumb\"},\"inLanguage\":\"bs-BA\",\"potentialAction\":[{\"@type\":\"ReadAction\",\"target\":[\"https:\/\/webalkans.eu\/bs\/news\/screening-of-resources-agriculture-and-cohesion-cluster-kicks-off-with-albania-and-north-macedonia\/\"]}]},{\"@type\":\"ImageObject\",\"inLanguage\":\"bs-BA\",\"@id\":\"https:\/\/webalkans.eu\/bs\/news\/screening-of-resources-agriculture-and-cohesion-cluster-kicks-off-with-albania-and-north-macedonia\/#primaryimage\",\"url\":\"https:\/\/webalkans.eu\/wp-content\/uploads\/2023\/07\/3-4.jpeg\",\"contentUrl\":\"https:\/\/webalkans.eu\/wp-content\/uploads\/2023\/07\/3-4.jpeg\",\"width\":900,\"height\":600},{\"@type\":\"BreadcrumbList\",\"@id\":\"https:\/\/webalkans.eu\/bs\/news\/screening-of-resources-agriculture-and-cohesion-cluster-kicks-off-with-albania-and-north-macedonia\/#breadcrumb\",\"itemListElement\":[{\"@type\":\"ListItem\",\"position\":1,\"name\":\"Home\",\"item\":\"https:\/\/webalkans.eu\/bs\/homepage\/\"},{\"@type\":\"ListItem\",\"position\":2,\"name\":\"Skrining klastera resursa, poljoprivrede i kohezije po\u010dinje sa Albanijom i Sjevernom Makedonijom\"}]},{\"@type\":\"WebSite\",\"@id\":\"https:\/\/webalkans.eu\/bs\/#website\",\"url\":\"https:\/\/webalkans.eu\/bs\/\",\"name\":\"WeBalkans | EU Projects in the Western Balkans\",\"description\":\"\",\"publisher\":{\"@id\":\"https:\/\/webalkans.eu\/bs\/#organization\"},\"potentialAction\":[{\"@type\":\"SearchAction\",\"target\":{\"@type\":\"EntryPoint\",\"urlTemplate\":\"https:\/\/webalkans.eu\/bs\/?s={search_term_string}\"},\"query-input\":{\"@type\":\"PropertyValueSpecification\",\"valueRequired\":true,\"valueName\":\"search_term_string\"}}],\"inLanguage\":\"bs-BA\"},{\"@type\":\"Organization\",\"@id\":\"https:\/\/webalkans.eu\/bs\/#organization\",\"name\":\"European Union\",\"url\":\"https:\/\/webalkans.eu\/bs\/\",\"logo\":{\"@type\":\"ImageObject\",\"inLanguage\":\"bs-BA\",\"@id\":\"https:\/\/webalkans.eu\/bs\/#\/schema\/logo\/image\/\",\"url\":\"https:\/\/webalkans.eu\/wp-content\/uploads\/2020\/11\/eu_flag.jpg\",\"contentUrl\":\"https:\/\/webalkans.eu\/wp-content\/uploads\/2020\/11\/eu_flag.jpg\",\"width\":600,\"height\":401,\"caption\":\"European Union\"},\"image\":{\"@id\":\"https:\/\/webalkans.eu\/bs\/#\/schema\/logo\/image\/\"},\"sameAs\":[\"https:\/\/www.facebook.com\/webalkans.eu\",\"https:\/\/x.com\/WeBalkans\"]},{\"@type\":\"Person\",\"@id\":\"https:\/\/webalkans.eu\/bs\/#\/schema\/person\/95a8ea19ef21de3b7766e9b65ffdb4da\",\"name\":\"007designstudio@gmail.com\"}]}<\/script>\n<!-- \/ Yoast SEO plugin. -->","yoast_head_json":{"title":"Skrining klastera resursa, poljoprivrede i kohezije po\u010dinje sa Albanijom i Sjevernom Makedonijom News | WeBalkans","description":"Skrining klastera resursa, poljoprivrede i kohezije po\u010dinje sa Albanijom i Sjevernom Makedonijom","robots":{"index":"index","follow":"follow","max-snippet":"max-snippet:-1","max-image-preview":"max-image-preview:large","max-video-preview":"max-video-preview:-1"},"canonical":"https:\/\/webalkans.eu\/bs\/news\/screening-of-resources-agriculture-and-cohesion-cluster-kicks-off-with-albania-and-north-macedonia\/","og_locale":"bs_BA","og_type":"article","og_title":"Skrining klastera resursa, poljoprivrede i kohezije po\u010dinje sa Albanijom i Sjevernom Makedonijom News | WeBalkans","og_description":"Skrining klastera resursa, poljoprivrede i kohezije po\u010dinje sa Albanijom i Sjevernom Makedonijom","og_url":"https:\/\/webalkans.eu\/bs\/news\/screening-of-resources-agriculture-and-cohesion-cluster-kicks-off-with-albania-and-north-macedonia\/","og_site_name":"WeBalkans | EU Projects in the Western Balkans","article_publisher":"https:\/\/www.facebook.com\/webalkans.eu","article_published_time":"2023-07-19T14:00:04+00:00","article_modified_time":"2023-09-18T08:57:54+00:00","og_image":[{"width":900,"height":600,"url":"https:\/\/webalkans.eu\/wp-content\/uploads\/2023\/07\/3-4.jpeg","type":"image\/jpeg"}],"author":"007designstudio@gmail.com","twitter_card":"summary_large_image","twitter_creator":"@WeBalkans","twitter_site":"@WeBalkans","twitter_misc":{"Written by":"007designstudio@gmail.com","Est. reading time":"2 minute"},"schema":{"@context":"https:\/\/schema.org","@graph":[{"@type":"Article","@id":"https:\/\/webalkans.eu\/bs\/news\/screening-of-resources-agriculture-and-cohesion-cluster-kicks-off-with-albania-and-north-macedonia\/#article","isPartOf":{"@id":"https:\/\/webalkans.eu\/bs\/news\/screening-of-resources-agriculture-and-cohesion-cluster-kicks-off-with-albania-and-north-macedonia\/"},"author":{"name":"007designstudio@gmail.com","@id":"https:\/\/webalkans.eu\/bs\/#\/schema\/person\/95a8ea19ef21de3b7766e9b65ffdb4da"},"headline":"Skrining klastera resursa, poljoprivrede i kohezije po\u010dinje sa Albanijom i Sjevernom Makedonijom","datePublished":"2023-07-19T14:00:04+00:00","dateModified":"2023-09-18T08:57:54+00:00","mainEntityOfPage":{"@id":"https:\/\/webalkans.eu\/bs\/news\/screening-of-resources-agriculture-and-cohesion-cluster-kicks-off-with-albania-and-north-macedonia\/"},"wordCount":344,"publisher":{"@id":"https:\/\/webalkans.eu\/bs\/#organization"},"image":{"@id":"https:\/\/webalkans.eu\/bs\/news\/screening-of-resources-agriculture-and-cohesion-cluster-kicks-off-with-albania-and-north-macedonia\/#primaryimage"},"thumbnailUrl":"https:\/\/webalkans.eu\/wp-content\/uploads\/2023\/07\/3-4.jpeg","inLanguage":"bs-BA"},{"@type":"WebPage","@id":"https:\/\/webalkans.eu\/bs\/news\/screening-of-resources-agriculture-and-cohesion-cluster-kicks-off-with-albania-and-north-macedonia\/","url":"https:\/\/webalkans.eu\/bs\/news\/screening-of-resources-agriculture-and-cohesion-cluster-kicks-off-with-albania-and-north-macedonia\/","name":"Skrining klastera resursa, poljoprivrede i kohezije po\u010dinje sa Albanijom i Sjevernom Makedonijom News | WeBalkans","isPartOf":{"@id":"https:\/\/webalkans.eu\/bs\/#website"},"primaryImageOfPage":{"@id":"https:\/\/webalkans.eu\/bs\/news\/screening-of-resources-agriculture-and-cohesion-cluster-kicks-off-with-albania-and-north-macedonia\/#primaryimage"},"image":{"@id":"https:\/\/webalkans.eu\/bs\/news\/screening-of-resources-agriculture-and-cohesion-cluster-kicks-off-with-albania-and-north-macedonia\/#primaryimage"},"thumbnailUrl":"https:\/\/webalkans.eu\/wp-content\/uploads\/2023\/07\/3-4.jpeg","datePublished":"2023-07-19T14:00:04+00:00","dateModified":"2023-09-18T08:57:54+00:00","description":"Skrining klastera resursa, poljoprivrede i kohezije po\u010dinje sa Albanijom i Sjevernom Makedonijom","breadcrumb":{"@id":"https:\/\/webalkans.eu\/bs\/news\/screening-of-resources-agriculture-and-cohesion-cluster-kicks-off-with-albania-and-north-macedonia\/#breadcrumb"},"inLanguage":"bs-BA","potentialAction":[{"@type":"ReadAction","target":["https:\/\/webalkans.eu\/bs\/news\/screening-of-resources-agriculture-and-cohesion-cluster-kicks-off-with-albania-and-north-macedonia\/"]}]},{"@type":"ImageObject","inLanguage":"bs-BA","@id":"https:\/\/webalkans.eu\/bs\/news\/screening-of-resources-agriculture-and-cohesion-cluster-kicks-off-with-albania-and-north-macedonia\/#primaryimage","url":"https:\/\/webalkans.eu\/wp-content\/uploads\/2023\/07\/3-4.jpeg","contentUrl":"https:\/\/webalkans.eu\/wp-content\/uploads\/2023\/07\/3-4.jpeg","width":900,"height":600},{"@type":"BreadcrumbList","@id":"https:\/\/webalkans.eu\/bs\/news\/screening-of-resources-agriculture-and-cohesion-cluster-kicks-off-with-albania-and-north-macedonia\/#breadcrumb","itemListElement":[{"@type":"ListItem","position":1,"name":"Home","item":"https:\/\/webalkans.eu\/bs\/homepage\/"},{"@type":"ListItem","position":2,"name":"Skrining klastera resursa, poljoprivrede i kohezije po\u010dinje sa Albanijom i Sjevernom Makedonijom"}]},{"@type":"WebSite","@id":"https:\/\/webalkans.eu\/bs\/#website","url":"https:\/\/webalkans.eu\/bs\/","name":"WeBalkans | EU Projects in the Western Balkans","description":"","publisher":{"@id":"https:\/\/webalkans.eu\/bs\/#organization"},"potentialAction":[{"@type":"SearchAction","target":{"@type":"EntryPoint","urlTemplate":"https:\/\/webalkans.eu\/bs\/?s={search_term_string}"},"query-input":{"@type":"PropertyValueSpecification","valueRequired":true,"valueName":"search_term_string"}}],"inLanguage":"bs-BA"},{"@type":"Organization","@id":"https:\/\/webalkans.eu\/bs\/#organization","name":"European Union","url":"https:\/\/webalkans.eu\/bs\/","logo":{"@type":"ImageObject","inLanguage":"bs-BA","@id":"https:\/\/webalkans.eu\/bs\/#\/schema\/logo\/image\/","url":"https:\/\/webalkans.eu\/wp-content\/uploads\/2020\/11\/eu_flag.jpg","contentUrl":"https:\/\/webalkans.eu\/wp-content\/uploads\/2020\/11\/eu_flag.jpg","width":600,"height":401,"caption":"European Union"},"image":{"@id":"https:\/\/webalkans.eu\/bs\/#\/schema\/logo\/image\/"},"sameAs":["https:\/\/www.facebook.com\/webalkans.eu","https:\/\/x.com\/WeBalkans"]},{"@type":"Person","@id":"https:\/\/webalkans.eu\/bs\/#\/schema\/person\/95a8ea19ef21de3b7766e9b65ffdb4da","name":"007designstudio@gmail.com"}]}},"_links":{"self":[{"href":"https:\/\/webalkans.eu\/bs\/wp-json\/wp\/v2\/posts\/1196479"}],"collection":[{"href":"https:\/\/webalkans.eu\/bs\/wp-json\/wp\/v2\/posts"}],"about":[{"href":"https:\/\/webalkans.eu\/bs\/wp-json\/wp\/v2\/types\/post"}],"author":[{"embeddable":true,"href":"https:\/\/webalkans.eu\/bs\/wp-json\/wp\/v2\/users\/152227"}],"replies":[{"embeddable":true,"href":"https:\/\/webalkans.eu\/bs\/wp-json\/wp\/v2\/comments?post=1196479"}],"version-history":[{"count":0,"href":"https:\/\/webalkans.eu\/bs\/wp-json\/wp\/v2\/posts\/1196479\/revisions"}],"wp:featuredmedia":[{"embeddable":true,"href":"https:\/\/webalkans.eu\/bs\/wp-json\/wp\/v2\/media\/1167016"}],"wp:attachment":[{"href":"https:\/\/webalkans.eu\/bs\/wp-json\/wp\/v2\/media?parent=1196479"}],"wp:term":[{"taxonomy":"country-for-news","embeddable":true,"href":"https:\/\/webalkans.eu\/bs\/wp-json\/wp\/v2\/country-for-news?post=1196479"}],"curies":[{"name":"wp","href":"https:\/\/api.w.org\/{rel}","templated":true}]}}