
{"id":1157648,"date":"2023-06-09T17:48:11","date_gmt":"2023-06-09T15:48:11","guid":{"rendered":"https:\/\/webalkans.eu\/news\/energy-efficiency-in-sarajevo-in-images\/"},"modified":"2023-07-05T12:51:14","modified_gmt":"2023-07-05T10:51:14","slug":"energy-efficiency-in-sarajevo-in-images","status":"publish","type":"post","link":"https:\/\/webalkans.eu\/bs\/news\/energy-efficiency-in-sarajevo-in-images\/","title":{"rendered":"Energetska efikasnost u Sarajevu u slikama"},"content":{"rendered":"<p style=\"font-weight: 400;\">Izlo\u017eba fotografija je bila postavljena do kraja maja blizu obale rijeke u Sarajevu u okviru projekta \u201eEnergetska efikasnost u javnim zgradama Kantona Sarajevo\u201c ( <a href=\"https:\/\/wbif.eu\/news-details\/eu-helps-energy-efficiency-public-buildings-sarajevo-canton-2\">&#8220;Energy efficiency in public buildings of the Canton of Sarajevo&#8221;<\/a>). Izlo\u017eba predstavlja rezultat uspje\u0161nog zavr\u0161etka prve faze projekta, tokom koje je renovirano 15 javnih objekata u Sarajevu. Uklju\u010duje \u0161kole i vrti\u0107e, kao i Dom zdravlja Ilid\u017ea. Kao rezultat investicija u toplotnu izolaciju, ugradnju LED rasvjete i zamjenu izvora energije, o\u010dekuje se da se emisija CO<sub>2 <\/sub>prepolovi<sub>. \u00a0<\/sub>Sa boljim kvalitetom grijanja i hla\u0111enja, korisnici ovih javnih zgrada \u0107e se osje\u0107ati ugodnije, a smanjenje potro\u0161nje energije dove\u0161\u0107e do zna\u010dajnih u\u0161teda u bud\u017eetu kantona Sarajevo. Projekta se finansira kroz Regionalni program energetske efikasnosti &#8211; REEP (<a href=\"https:\/\/wbif.eu\/reep\">Regional Energy Efficiency Programme (REEP)<\/a>), vode\u0107u investiciju Ekonomskog i investicionog plana za Zapadni Balkan za period od 2021. do 2027. godine.<\/p>\n<p>&nbsp;<\/p>\n<p style=\"font-weight: 400;\">Radovi na objektima su finansirani grantom od 2 miliona eura iz Evropske unije i 8 miliona eura kredita EBRD-a. Austrijska vlada je osigurala sredstva za tehni\u010dku pomo\u0107. Projekta je dio Akcionog plana EBRD-a Zeleni gradovi (<a href=\"https:\/\/www.ebrdgreencities.com\/\">&#8220;Green Cities&#8221;<\/a>) za Sarajevo. Izlo\u017eba je bila postavljena ispred Akademije likovnih umjetnosti u Sarajevu, gdje su je gra\u0111ani mogli posjetiti od 16 do 29 maja.<\/p>\n<p>&nbsp;<\/p>\n<p style=\"font-weight: 400;\">Izlo\u017ebu je sve\u010dano otvorio premijer Kantona Sarajevo, Nihad Uk, uz predstavnike Evropske unije, Ambasade Austrije u Bosni i Hercegovini i EBRD-a.<\/p>\n","protected":false},"excerpt":{"rendered":"<p>Izlo\u017eba fotografija je bila postavljena do kraja maja blizu obale rijeke u Sarajevu u okviru projekta \u201eEnergetska efikasnost u javnim zgradama Kantona Sarajevo\u201c ( &#8220;Energy <\/p>\n","protected":false},"author":152227,"featured_media":1133753,"comment_status":"closed","ping_status":"closed","sticky":false,"template":"","format":"standard","meta":{"_acf_changed":false,"_monsterinsights_skip_tracking":false,"_monsterinsights_sitenote_active":false,"_monsterinsights_sitenote_note":"","_monsterinsights_sitenote_category":0,"footnotes":""},"country-for-news":[420],"class_list":["post-1157648","post","type-post","status-publish","format-standard","has-post-thumbnail","hentry","wb_theme-environment","country-for-news-bosnia-and-herzegovina"],"acf":[],"yoast_head":"<!-- This site is optimized with the Yoast SEO plugin v25.3.1 - https:\/\/yoast.com\/wordpress\/plugins\/seo\/ -->\n<title>Energetska efikasnost u Sarajevu u slikama News | WeBalkans<\/title>\n<meta name=\"description\" content=\"Energetska efikasnost u Sarajevu u slikama\" \/>\n<meta name=\"robots\" content=\"index, follow, max-snippet:-1, max-image-preview:large, max-video-preview:-1\" \/>\n<link rel=\"canonical\" href=\"https:\/\/webalkans.eu\/bs\/news\/energy-efficiency-in-sarajevo-in-images\/\" \/>\n<meta property=\"og:locale\" content=\"bs_BA\" \/>\n<meta property=\"og:type\" content=\"article\" \/>\n<meta property=\"og:title\" content=\"Energetska efikasnost u Sarajevu u slikama News | WeBalkans\" \/>\n<meta property=\"og:description\" content=\"Energetska efikasnost u Sarajevu u slikama\" \/>\n<meta property=\"og:url\" content=\"https:\/\/webalkans.eu\/bs\/news\/energy-efficiency-in-sarajevo-in-images\/\" \/>\n<meta property=\"og:site_name\" content=\"WeBalkans | EU Projects in the Western Balkans\" \/>\n<meta property=\"article:publisher\" content=\"https:\/\/www.facebook.com\/webalkans.eu\" \/>\n<meta property=\"article:published_time\" content=\"2023-06-09T15:48:11+00:00\" \/>\n<meta property=\"article:modified_time\" content=\"2023-07-05T10:51:14+00:00\" \/>\n<meta property=\"og:image\" content=\"https:\/\/webalkans.eu\/wp-content\/uploads\/2023\/06\/12.jpeg\" \/>\n\t<meta property=\"og:image:width\" content=\"1393\" \/>\n\t<meta property=\"og:image:height\" content=\"931\" \/>\n\t<meta property=\"og:image:type\" content=\"image\/jpeg\" \/>\n<meta name=\"author\" content=\"007designstudio@gmail.com\" \/>\n<meta name=\"twitter:card\" content=\"summary_large_image\" \/>\n<meta name=\"twitter:creator\" content=\"@WeBalkans\" \/>\n<meta name=\"twitter:site\" content=\"@WeBalkans\" \/>\n<meta name=\"twitter:label1\" content=\"Written by\" \/>\n\t<meta name=\"twitter:data1\" content=\"007designstudio@gmail.com\" \/>\n\t<meta name=\"twitter:label2\" content=\"Est. reading time\" \/>\n\t<meta name=\"twitter:data2\" content=\"1 minuta\" \/>\n<script type=\"application\/ld+json\" class=\"yoast-schema-graph\">{\"@context\":\"https:\/\/schema.org\",\"@graph\":[{\"@type\":\"Article\",\"@id\":\"https:\/\/webalkans.eu\/bs\/news\/energy-efficiency-in-sarajevo-in-images\/#article\",\"isPartOf\":{\"@id\":\"https:\/\/webalkans.eu\/bs\/news\/energy-efficiency-in-sarajevo-in-images\/\"},\"author\":{\"name\":\"007designstudio@gmail.com\",\"@id\":\"https:\/\/webalkans.eu\/bs\/#\/schema\/person\/95a8ea19ef21de3b7766e9b65ffdb4da\"},\"headline\":\"Energetska efikasnost u Sarajevu u slikama\",\"datePublished\":\"2023-06-09T15:48:11+00:00\",\"dateModified\":\"2023-07-05T10:51:14+00:00\",\"mainEntityOfPage\":{\"@id\":\"https:\/\/webalkans.eu\/bs\/news\/energy-efficiency-in-sarajevo-in-images\/\"},\"wordCount\":239,\"publisher\":{\"@id\":\"https:\/\/webalkans.eu\/bs\/#organization\"},\"image\":{\"@id\":\"https:\/\/webalkans.eu\/bs\/news\/energy-efficiency-in-sarajevo-in-images\/#primaryimage\"},\"thumbnailUrl\":\"https:\/\/webalkans.eu\/wp-content\/uploads\/2023\/06\/12.jpeg\",\"inLanguage\":\"bs-BA\"},{\"@type\":\"WebPage\",\"@id\":\"https:\/\/webalkans.eu\/bs\/news\/energy-efficiency-in-sarajevo-in-images\/\",\"url\":\"https:\/\/webalkans.eu\/bs\/news\/energy-efficiency-in-sarajevo-in-images\/\",\"name\":\"Energetska efikasnost u Sarajevu u slikama News | WeBalkans\",\"isPartOf\":{\"@id\":\"https:\/\/webalkans.eu\/bs\/#website\"},\"primaryImageOfPage\":{\"@id\":\"https:\/\/webalkans.eu\/bs\/news\/energy-efficiency-in-sarajevo-in-images\/#primaryimage\"},\"image\":{\"@id\":\"https:\/\/webalkans.eu\/bs\/news\/energy-efficiency-in-sarajevo-in-images\/#primaryimage\"},\"thumbnailUrl\":\"https:\/\/webalkans.eu\/wp-content\/uploads\/2023\/06\/12.jpeg\",\"datePublished\":\"2023-06-09T15:48:11+00:00\",\"dateModified\":\"2023-07-05T10:51:14+00:00\",\"description\":\"Energetska efikasnost u Sarajevu u slikama\",\"breadcrumb\":{\"@id\":\"https:\/\/webalkans.eu\/bs\/news\/energy-efficiency-in-sarajevo-in-images\/#breadcrumb\"},\"inLanguage\":\"bs-BA\",\"potentialAction\":[{\"@type\":\"ReadAction\",\"target\":[\"https:\/\/webalkans.eu\/bs\/news\/energy-efficiency-in-sarajevo-in-images\/\"]}]},{\"@type\":\"ImageObject\",\"inLanguage\":\"bs-BA\",\"@id\":\"https:\/\/webalkans.eu\/bs\/news\/energy-efficiency-in-sarajevo-in-images\/#primaryimage\",\"url\":\"https:\/\/webalkans.eu\/wp-content\/uploads\/2023\/06\/12.jpeg\",\"contentUrl\":\"https:\/\/webalkans.eu\/wp-content\/uploads\/2023\/06\/12.jpeg\",\"width\":1393,\"height\":931},{\"@type\":\"BreadcrumbList\",\"@id\":\"https:\/\/webalkans.eu\/bs\/news\/energy-efficiency-in-sarajevo-in-images\/#breadcrumb\",\"itemListElement\":[{\"@type\":\"ListItem\",\"position\":1,\"name\":\"Home\",\"item\":\"https:\/\/webalkans.eu\/bs\/homepage\/\"},{\"@type\":\"ListItem\",\"position\":2,\"name\":\"Energetska efikasnost u Sarajevu u slikama\"}]},{\"@type\":\"WebSite\",\"@id\":\"https:\/\/webalkans.eu\/bs\/#website\",\"url\":\"https:\/\/webalkans.eu\/bs\/\",\"name\":\"WeBalkans | EU Projects in the Western Balkans\",\"description\":\"\",\"publisher\":{\"@id\":\"https:\/\/webalkans.eu\/bs\/#organization\"},\"potentialAction\":[{\"@type\":\"SearchAction\",\"target\":{\"@type\":\"EntryPoint\",\"urlTemplate\":\"https:\/\/webalkans.eu\/bs\/?s={search_term_string}\"},\"query-input\":{\"@type\":\"PropertyValueSpecification\",\"valueRequired\":true,\"valueName\":\"search_term_string\"}}],\"inLanguage\":\"bs-BA\"},{\"@type\":\"Organization\",\"@id\":\"https:\/\/webalkans.eu\/bs\/#organization\",\"name\":\"European Union\",\"url\":\"https:\/\/webalkans.eu\/bs\/\",\"logo\":{\"@type\":\"ImageObject\",\"inLanguage\":\"bs-BA\",\"@id\":\"https:\/\/webalkans.eu\/bs\/#\/schema\/logo\/image\/\",\"url\":\"https:\/\/webalkans.eu\/wp-content\/uploads\/2020\/11\/eu_flag.jpg\",\"contentUrl\":\"https:\/\/webalkans.eu\/wp-content\/uploads\/2020\/11\/eu_flag.jpg\",\"width\":600,\"height\":401,\"caption\":\"European Union\"},\"image\":{\"@id\":\"https:\/\/webalkans.eu\/bs\/#\/schema\/logo\/image\/\"},\"sameAs\":[\"https:\/\/www.facebook.com\/webalkans.eu\",\"https:\/\/x.com\/WeBalkans\"]},{\"@type\":\"Person\",\"@id\":\"https:\/\/webalkans.eu\/bs\/#\/schema\/person\/95a8ea19ef21de3b7766e9b65ffdb4da\",\"name\":\"007designstudio@gmail.com\"}]}<\/script>\n<!-- \/ Yoast SEO plugin. -->","yoast_head_json":{"title":"Energetska efikasnost u Sarajevu u slikama News | WeBalkans","description":"Energetska efikasnost u Sarajevu u slikama","robots":{"index":"index","follow":"follow","max-snippet":"max-snippet:-1","max-image-preview":"max-image-preview:large","max-video-preview":"max-video-preview:-1"},"canonical":"https:\/\/webalkans.eu\/bs\/news\/energy-efficiency-in-sarajevo-in-images\/","og_locale":"bs_BA","og_type":"article","og_title":"Energetska efikasnost u Sarajevu u slikama News | WeBalkans","og_description":"Energetska efikasnost u Sarajevu u slikama","og_url":"https:\/\/webalkans.eu\/bs\/news\/energy-efficiency-in-sarajevo-in-images\/","og_site_name":"WeBalkans | EU Projects in the Western Balkans","article_publisher":"https:\/\/www.facebook.com\/webalkans.eu","article_published_time":"2023-06-09T15:48:11+00:00","article_modified_time":"2023-07-05T10:51:14+00:00","og_image":[{"width":1393,"height":931,"url":"https:\/\/webalkans.eu\/wp-content\/uploads\/2023\/06\/12.jpeg","type":"image\/jpeg"}],"author":"007designstudio@gmail.com","twitter_card":"summary_large_image","twitter_creator":"@WeBalkans","twitter_site":"@WeBalkans","twitter_misc":{"Written by":"007designstudio@gmail.com","Est. reading time":"1 minuta"},"schema":{"@context":"https:\/\/schema.org","@graph":[{"@type":"Article","@id":"https:\/\/webalkans.eu\/bs\/news\/energy-efficiency-in-sarajevo-in-images\/#article","isPartOf":{"@id":"https:\/\/webalkans.eu\/bs\/news\/energy-efficiency-in-sarajevo-in-images\/"},"author":{"name":"007designstudio@gmail.com","@id":"https:\/\/webalkans.eu\/bs\/#\/schema\/person\/95a8ea19ef21de3b7766e9b65ffdb4da"},"headline":"Energetska efikasnost u Sarajevu u slikama","datePublished":"2023-06-09T15:48:11+00:00","dateModified":"2023-07-05T10:51:14+00:00","mainEntityOfPage":{"@id":"https:\/\/webalkans.eu\/bs\/news\/energy-efficiency-in-sarajevo-in-images\/"},"wordCount":239,"publisher":{"@id":"https:\/\/webalkans.eu\/bs\/#organization"},"image":{"@id":"https:\/\/webalkans.eu\/bs\/news\/energy-efficiency-in-sarajevo-in-images\/#primaryimage"},"thumbnailUrl":"https:\/\/webalkans.eu\/wp-content\/uploads\/2023\/06\/12.jpeg","inLanguage":"bs-BA"},{"@type":"WebPage","@id":"https:\/\/webalkans.eu\/bs\/news\/energy-efficiency-in-sarajevo-in-images\/","url":"https:\/\/webalkans.eu\/bs\/news\/energy-efficiency-in-sarajevo-in-images\/","name":"Energetska efikasnost u Sarajevu u slikama News | WeBalkans","isPartOf":{"@id":"https:\/\/webalkans.eu\/bs\/#website"},"primaryImageOfPage":{"@id":"https:\/\/webalkans.eu\/bs\/news\/energy-efficiency-in-sarajevo-in-images\/#primaryimage"},"image":{"@id":"https:\/\/webalkans.eu\/bs\/news\/energy-efficiency-in-sarajevo-in-images\/#primaryimage"},"thumbnailUrl":"https:\/\/webalkans.eu\/wp-content\/uploads\/2023\/06\/12.jpeg","datePublished":"2023-06-09T15:48:11+00:00","dateModified":"2023-07-05T10:51:14+00:00","description":"Energetska efikasnost u Sarajevu u slikama","breadcrumb":{"@id":"https:\/\/webalkans.eu\/bs\/news\/energy-efficiency-in-sarajevo-in-images\/#breadcrumb"},"inLanguage":"bs-BA","potentialAction":[{"@type":"ReadAction","target":["https:\/\/webalkans.eu\/bs\/news\/energy-efficiency-in-sarajevo-in-images\/"]}]},{"@type":"ImageObject","inLanguage":"bs-BA","@id":"https:\/\/webalkans.eu\/bs\/news\/energy-efficiency-in-sarajevo-in-images\/#primaryimage","url":"https:\/\/webalkans.eu\/wp-content\/uploads\/2023\/06\/12.jpeg","contentUrl":"https:\/\/webalkans.eu\/wp-content\/uploads\/2023\/06\/12.jpeg","width":1393,"height":931},{"@type":"BreadcrumbList","@id":"https:\/\/webalkans.eu\/bs\/news\/energy-efficiency-in-sarajevo-in-images\/#breadcrumb","itemListElement":[{"@type":"ListItem","position":1,"name":"Home","item":"https:\/\/webalkans.eu\/bs\/homepage\/"},{"@type":"ListItem","position":2,"name":"Energetska efikasnost u Sarajevu u slikama"}]},{"@type":"WebSite","@id":"https:\/\/webalkans.eu\/bs\/#website","url":"https:\/\/webalkans.eu\/bs\/","name":"WeBalkans | EU Projects in the Western Balkans","description":"","publisher":{"@id":"https:\/\/webalkans.eu\/bs\/#organization"},"potentialAction":[{"@type":"SearchAction","target":{"@type":"EntryPoint","urlTemplate":"https:\/\/webalkans.eu\/bs\/?s={search_term_string}"},"query-input":{"@type":"PropertyValueSpecification","valueRequired":true,"valueName":"search_term_string"}}],"inLanguage":"bs-BA"},{"@type":"Organization","@id":"https:\/\/webalkans.eu\/bs\/#organization","name":"European Union","url":"https:\/\/webalkans.eu\/bs\/","logo":{"@type":"ImageObject","inLanguage":"bs-BA","@id":"https:\/\/webalkans.eu\/bs\/#\/schema\/logo\/image\/","url":"https:\/\/webalkans.eu\/wp-content\/uploads\/2020\/11\/eu_flag.jpg","contentUrl":"https:\/\/webalkans.eu\/wp-content\/uploads\/2020\/11\/eu_flag.jpg","width":600,"height":401,"caption":"European Union"},"image":{"@id":"https:\/\/webalkans.eu\/bs\/#\/schema\/logo\/image\/"},"sameAs":["https:\/\/www.facebook.com\/webalkans.eu","https:\/\/x.com\/WeBalkans"]},{"@type":"Person","@id":"https:\/\/webalkans.eu\/bs\/#\/schema\/person\/95a8ea19ef21de3b7766e9b65ffdb4da","name":"007designstudio@gmail.com"}]}},"_links":{"self":[{"href":"https:\/\/webalkans.eu\/bs\/wp-json\/wp\/v2\/posts\/1157648"}],"collection":[{"href":"https:\/\/webalkans.eu\/bs\/wp-json\/wp\/v2\/posts"}],"about":[{"href":"https:\/\/webalkans.eu\/bs\/wp-json\/wp\/v2\/types\/post"}],"author":[{"embeddable":true,"href":"https:\/\/webalkans.eu\/bs\/wp-json\/wp\/v2\/users\/152227"}],"replies":[{"embeddable":true,"href":"https:\/\/webalkans.eu\/bs\/wp-json\/wp\/v2\/comments?post=1157648"}],"version-history":[{"count":0,"href":"https:\/\/webalkans.eu\/bs\/wp-json\/wp\/v2\/posts\/1157648\/revisions"}],"wp:featuredmedia":[{"embeddable":true,"href":"https:\/\/webalkans.eu\/bs\/wp-json\/wp\/v2\/media\/1133753"}],"wp:attachment":[{"href":"https:\/\/webalkans.eu\/bs\/wp-json\/wp\/v2\/media?parent=1157648"}],"wp:term":[{"taxonomy":"country-for-news","embeddable":true,"href":"https:\/\/webalkans.eu\/bs\/wp-json\/wp\/v2\/country-for-news?post=1157648"}],"curies":[{"name":"wp","href":"https:\/\/api.w.org\/{rel}","templated":true}]}}