
{"id":1157563,"date":"2023-06-07T17:36:47","date_gmt":"2023-06-07T15:36:47","guid":{"rendered":"https:\/\/webalkans.eu\/news\/no-borders-orchestra-is-the-champion-of-regional-cooperation-for-2022\/"},"modified":"2023-07-05T10:45:30","modified_gmt":"2023-07-05T08:45:30","slug":"no-borders-orchestra-is-the-champion-of-regional-cooperation-for-2022","status":"publish","type":"post","link":"https:\/\/webalkans.eu\/bs\/news\/no-borders-orchestra-is-the-champion-of-regional-cooperation-for-2022\/","title":{"rendered":"No Borders orchestra \u0161ampion je regionalne saradnje za 2022. godinu"},"content":{"rendered":"<div>\n<p><span lang=\"BS-LATN-BA\">Regional Cooperation Council (RCC) i Savezno ministarstvo za evropske i me\u0111unarodne poslove Republike Austrije (BMEIA) najavilo je da je pobjednik nagrade \u0160ampiona regionalne saradnje Dr Erhard Busek za 2022. godinu No Borders Orchestra (NBO).<\/span><\/p>\n<p>&nbsp;<\/p>\n<\/div>\n<div>\n<p><span lang=\"BS-LATN-BA\">Me\u0111u brojnim nominacijama za ovu godinu, \u017eiri u sastavu Goran Svilanovi\u0107, biv\u0161i generalni sekretar RCC-a; Asja Krsmanovi\u0107, menad\u017eer takmi\u010darskog programa Sarajevo Film Festivala; Umut Ergezer, koordinator strategije RCC SEE 2030 \/vi\u0161i analiti\u010dar ekonomske politike, jednoglasno su izabrali NBO za pobjednika za 2022. godinu. Pobjednik presti\u017ene titule \u0107e dobiti finansijsku nagradu u iznosu od 5.000 eura. Zahvaljujemo svim ostalim nominovanim i \u017eelimo im sre\u0107u sljede\u0107e godine.<\/span><\/p>\n<p>&nbsp;<\/p>\n<\/div>\n<div>\n<p><span lang=\"BS-LATN-BA\">\u0160ampion regionalne saradnje je godi\u0161nja nagrada koju je RCC inaugurisao u februaru 2013. godine prilikom obilje\u017eavanja 5-te godi\u0161njice organizacije. 2022. godine, u saradnji sa BMEIA-om, nagrada je promijenila naslov u \u0160ampion regionalne saradnje dr Erhard Busek, posthumno odaju\u0107i po\u010dast gospodinu Buseku koji je bio specijalni koordinator Pakta stabilnosti za Jugoisto\u010dnu Evropu, prethodnika RCC-a, ali i nepokolebljivi zagovornik Zapadnog Balkana i strastveni zagovornik integracije regiona u Evropsku uniju.<\/span><\/p>\n<\/div>\n","protected":false},"excerpt":{"rendered":"<p>Regional Cooperation Council (RCC) i Savezno ministarstvo za evropske i me\u0111unarodne poslove Republike Austrije (BMEIA) najavilo je da je pobjednik nagrade \u0160ampiona regionalne saradnje Dr <\/p>\n","protected":false},"author":152227,"featured_media":1133707,"comment_status":"closed","ping_status":"closed","sticky":false,"template":"","format":"standard","meta":{"_acf_changed":false,"_monsterinsights_skip_tracking":false,"_monsterinsights_sitenote_active":false,"_monsterinsights_sitenote_note":"","_monsterinsights_sitenote_category":0,"footnotes":""},"country-for-news":[416,420,425,432,438,442],"class_list":["post-1157563","post","type-post","status-publish","format-standard","has-post-thumbnail","hentry","wb_theme-regional-cooperation","country-for-news-albania","country-for-news-bosnia-and-herzegovina","country-for-news-kosovo","country-for-news-montenegro","country-for-news-north-macedonia","country-for-news-serbia"],"acf":[],"yoast_head":"<!-- This site is optimized with the Yoast SEO plugin v25.3.1 - https:\/\/yoast.com\/wordpress\/plugins\/seo\/ -->\n<title>No Borders orchestra \u0161ampion je regionalne saradnje za 2022. godinu News | WeBalkans<\/title>\n<meta name=\"description\" content=\"No Borders orchestra \u0161ampion je regionalne saradnje za 2022. godinu\" \/>\n<meta name=\"robots\" content=\"index, follow, max-snippet:-1, max-image-preview:large, max-video-preview:-1\" \/>\n<link rel=\"canonical\" href=\"https:\/\/webalkans.eu\/bs\/news\/no-borders-orchestra-is-the-champion-of-regional-cooperation-for-2022\/\" \/>\n<meta property=\"og:locale\" content=\"bs_BA\" \/>\n<meta property=\"og:type\" content=\"article\" \/>\n<meta property=\"og:title\" content=\"No Borders orchestra \u0161ampion je regionalne saradnje za 2022. godinu News | WeBalkans\" \/>\n<meta property=\"og:description\" content=\"No Borders orchestra \u0161ampion je regionalne saradnje za 2022. godinu\" \/>\n<meta property=\"og:url\" content=\"https:\/\/webalkans.eu\/bs\/news\/no-borders-orchestra-is-the-champion-of-regional-cooperation-for-2022\/\" \/>\n<meta property=\"og:site_name\" content=\"WeBalkans | EU Projects in the Western Balkans\" \/>\n<meta property=\"article:publisher\" content=\"https:\/\/www.facebook.com\/webalkans.eu\" \/>\n<meta property=\"article:published_time\" content=\"2023-06-07T15:36:47+00:00\" \/>\n<meta property=\"article:modified_time\" content=\"2023-07-05T08:45:30+00:00\" \/>\n<meta property=\"og:image\" content=\"https:\/\/webalkans.eu\/wp-content\/uploads\/2023\/06\/8.jpeg\" \/>\n\t<meta property=\"og:image:width\" content=\"1620\" \/>\n\t<meta property=\"og:image:height\" content=\"1080\" \/>\n\t<meta property=\"og:image:type\" content=\"image\/jpeg\" \/>\n<meta name=\"author\" content=\"007designstudio@gmail.com\" \/>\n<meta name=\"twitter:card\" content=\"summary_large_image\" \/>\n<meta name=\"twitter:creator\" content=\"@WeBalkans\" \/>\n<meta name=\"twitter:site\" content=\"@WeBalkans\" \/>\n<meta name=\"twitter:label1\" content=\"Written by\" \/>\n\t<meta name=\"twitter:data1\" content=\"007designstudio@gmail.com\" \/>\n\t<meta name=\"twitter:label2\" content=\"Est. reading time\" \/>\n\t<meta name=\"twitter:data2\" content=\"1 minuta\" \/>\n<script type=\"application\/ld+json\" class=\"yoast-schema-graph\">{\"@context\":\"https:\/\/schema.org\",\"@graph\":[{\"@type\":\"Article\",\"@id\":\"https:\/\/webalkans.eu\/bs\/news\/no-borders-orchestra-is-the-champion-of-regional-cooperation-for-2022\/#article\",\"isPartOf\":{\"@id\":\"https:\/\/webalkans.eu\/bs\/news\/no-borders-orchestra-is-the-champion-of-regional-cooperation-for-2022\/\"},\"author\":{\"name\":\"007designstudio@gmail.com\",\"@id\":\"https:\/\/webalkans.eu\/bs\/#\/schema\/person\/95a8ea19ef21de3b7766e9b65ffdb4da\"},\"headline\":\"No Borders orchestra \u0161ampion je regionalne saradnje za 2022. godinu\",\"datePublished\":\"2023-06-07T15:36:47+00:00\",\"dateModified\":\"2023-07-05T08:45:30+00:00\",\"mainEntityOfPage\":{\"@id\":\"https:\/\/webalkans.eu\/bs\/news\/no-borders-orchestra-is-the-champion-of-regional-cooperation-for-2022\/\"},\"wordCount\":187,\"publisher\":{\"@id\":\"https:\/\/webalkans.eu\/bs\/#organization\"},\"image\":{\"@id\":\"https:\/\/webalkans.eu\/bs\/news\/no-borders-orchestra-is-the-champion-of-regional-cooperation-for-2022\/#primaryimage\"},\"thumbnailUrl\":\"https:\/\/webalkans.eu\/wp-content\/uploads\/2023\/06\/8.jpeg\",\"inLanguage\":\"bs-BA\"},{\"@type\":\"WebPage\",\"@id\":\"https:\/\/webalkans.eu\/bs\/news\/no-borders-orchestra-is-the-champion-of-regional-cooperation-for-2022\/\",\"url\":\"https:\/\/webalkans.eu\/bs\/news\/no-borders-orchestra-is-the-champion-of-regional-cooperation-for-2022\/\",\"name\":\"No Borders orchestra \u0161ampion je regionalne saradnje za 2022. godinu News | WeBalkans\",\"isPartOf\":{\"@id\":\"https:\/\/webalkans.eu\/bs\/#website\"},\"primaryImageOfPage\":{\"@id\":\"https:\/\/webalkans.eu\/bs\/news\/no-borders-orchestra-is-the-champion-of-regional-cooperation-for-2022\/#primaryimage\"},\"image\":{\"@id\":\"https:\/\/webalkans.eu\/bs\/news\/no-borders-orchestra-is-the-champion-of-regional-cooperation-for-2022\/#primaryimage\"},\"thumbnailUrl\":\"https:\/\/webalkans.eu\/wp-content\/uploads\/2023\/06\/8.jpeg\",\"datePublished\":\"2023-06-07T15:36:47+00:00\",\"dateModified\":\"2023-07-05T08:45:30+00:00\",\"description\":\"No Borders orchestra \u0161ampion je regionalne saradnje za 2022. godinu\",\"breadcrumb\":{\"@id\":\"https:\/\/webalkans.eu\/bs\/news\/no-borders-orchestra-is-the-champion-of-regional-cooperation-for-2022\/#breadcrumb\"},\"inLanguage\":\"bs-BA\",\"potentialAction\":[{\"@type\":\"ReadAction\",\"target\":[\"https:\/\/webalkans.eu\/bs\/news\/no-borders-orchestra-is-the-champion-of-regional-cooperation-for-2022\/\"]}]},{\"@type\":\"ImageObject\",\"inLanguage\":\"bs-BA\",\"@id\":\"https:\/\/webalkans.eu\/bs\/news\/no-borders-orchestra-is-the-champion-of-regional-cooperation-for-2022\/#primaryimage\",\"url\":\"https:\/\/webalkans.eu\/wp-content\/uploads\/2023\/06\/8.jpeg\",\"contentUrl\":\"https:\/\/webalkans.eu\/wp-content\/uploads\/2023\/06\/8.jpeg\",\"width\":1620,\"height\":1080},{\"@type\":\"BreadcrumbList\",\"@id\":\"https:\/\/webalkans.eu\/bs\/news\/no-borders-orchestra-is-the-champion-of-regional-cooperation-for-2022\/#breadcrumb\",\"itemListElement\":[{\"@type\":\"ListItem\",\"position\":1,\"name\":\"Home\",\"item\":\"https:\/\/webalkans.eu\/bs\/homepage\/\"},{\"@type\":\"ListItem\",\"position\":2,\"name\":\"No Borders orchestra \u0161ampion je regionalne saradnje za 2022. godinu\"}]},{\"@type\":\"WebSite\",\"@id\":\"https:\/\/webalkans.eu\/bs\/#website\",\"url\":\"https:\/\/webalkans.eu\/bs\/\",\"name\":\"WeBalkans | EU Projects in the Western Balkans\",\"description\":\"\",\"publisher\":{\"@id\":\"https:\/\/webalkans.eu\/bs\/#organization\"},\"potentialAction\":[{\"@type\":\"SearchAction\",\"target\":{\"@type\":\"EntryPoint\",\"urlTemplate\":\"https:\/\/webalkans.eu\/bs\/?s={search_term_string}\"},\"query-input\":{\"@type\":\"PropertyValueSpecification\",\"valueRequired\":true,\"valueName\":\"search_term_string\"}}],\"inLanguage\":\"bs-BA\"},{\"@type\":\"Organization\",\"@id\":\"https:\/\/webalkans.eu\/bs\/#organization\",\"name\":\"European Union\",\"url\":\"https:\/\/webalkans.eu\/bs\/\",\"logo\":{\"@type\":\"ImageObject\",\"inLanguage\":\"bs-BA\",\"@id\":\"https:\/\/webalkans.eu\/bs\/#\/schema\/logo\/image\/\",\"url\":\"https:\/\/webalkans.eu\/wp-content\/uploads\/2020\/11\/eu_flag.jpg\",\"contentUrl\":\"https:\/\/webalkans.eu\/wp-content\/uploads\/2020\/11\/eu_flag.jpg\",\"width\":600,\"height\":401,\"caption\":\"European Union\"},\"image\":{\"@id\":\"https:\/\/webalkans.eu\/bs\/#\/schema\/logo\/image\/\"},\"sameAs\":[\"https:\/\/www.facebook.com\/webalkans.eu\",\"https:\/\/x.com\/WeBalkans\"]},{\"@type\":\"Person\",\"@id\":\"https:\/\/webalkans.eu\/bs\/#\/schema\/person\/95a8ea19ef21de3b7766e9b65ffdb4da\",\"name\":\"007designstudio@gmail.com\"}]}<\/script>\n<!-- \/ Yoast SEO plugin. -->","yoast_head_json":{"title":"No Borders orchestra \u0161ampion je regionalne saradnje za 2022. godinu News | WeBalkans","description":"No Borders orchestra \u0161ampion je regionalne saradnje za 2022. godinu","robots":{"index":"index","follow":"follow","max-snippet":"max-snippet:-1","max-image-preview":"max-image-preview:large","max-video-preview":"max-video-preview:-1"},"canonical":"https:\/\/webalkans.eu\/bs\/news\/no-borders-orchestra-is-the-champion-of-regional-cooperation-for-2022\/","og_locale":"bs_BA","og_type":"article","og_title":"No Borders orchestra \u0161ampion je regionalne saradnje za 2022. godinu News | WeBalkans","og_description":"No Borders orchestra \u0161ampion je regionalne saradnje za 2022. godinu","og_url":"https:\/\/webalkans.eu\/bs\/news\/no-borders-orchestra-is-the-champion-of-regional-cooperation-for-2022\/","og_site_name":"WeBalkans | EU Projects in the Western Balkans","article_publisher":"https:\/\/www.facebook.com\/webalkans.eu","article_published_time":"2023-06-07T15:36:47+00:00","article_modified_time":"2023-07-05T08:45:30+00:00","og_image":[{"width":1620,"height":1080,"url":"https:\/\/webalkans.eu\/wp-content\/uploads\/2023\/06\/8.jpeg","type":"image\/jpeg"}],"author":"007designstudio@gmail.com","twitter_card":"summary_large_image","twitter_creator":"@WeBalkans","twitter_site":"@WeBalkans","twitter_misc":{"Written by":"007designstudio@gmail.com","Est. reading time":"1 minuta"},"schema":{"@context":"https:\/\/schema.org","@graph":[{"@type":"Article","@id":"https:\/\/webalkans.eu\/bs\/news\/no-borders-orchestra-is-the-champion-of-regional-cooperation-for-2022\/#article","isPartOf":{"@id":"https:\/\/webalkans.eu\/bs\/news\/no-borders-orchestra-is-the-champion-of-regional-cooperation-for-2022\/"},"author":{"name":"007designstudio@gmail.com","@id":"https:\/\/webalkans.eu\/bs\/#\/schema\/person\/95a8ea19ef21de3b7766e9b65ffdb4da"},"headline":"No Borders orchestra \u0161ampion je regionalne saradnje za 2022. godinu","datePublished":"2023-06-07T15:36:47+00:00","dateModified":"2023-07-05T08:45:30+00:00","mainEntityOfPage":{"@id":"https:\/\/webalkans.eu\/bs\/news\/no-borders-orchestra-is-the-champion-of-regional-cooperation-for-2022\/"},"wordCount":187,"publisher":{"@id":"https:\/\/webalkans.eu\/bs\/#organization"},"image":{"@id":"https:\/\/webalkans.eu\/bs\/news\/no-borders-orchestra-is-the-champion-of-regional-cooperation-for-2022\/#primaryimage"},"thumbnailUrl":"https:\/\/webalkans.eu\/wp-content\/uploads\/2023\/06\/8.jpeg","inLanguage":"bs-BA"},{"@type":"WebPage","@id":"https:\/\/webalkans.eu\/bs\/news\/no-borders-orchestra-is-the-champion-of-regional-cooperation-for-2022\/","url":"https:\/\/webalkans.eu\/bs\/news\/no-borders-orchestra-is-the-champion-of-regional-cooperation-for-2022\/","name":"No Borders orchestra \u0161ampion je regionalne saradnje za 2022. godinu News | WeBalkans","isPartOf":{"@id":"https:\/\/webalkans.eu\/bs\/#website"},"primaryImageOfPage":{"@id":"https:\/\/webalkans.eu\/bs\/news\/no-borders-orchestra-is-the-champion-of-regional-cooperation-for-2022\/#primaryimage"},"image":{"@id":"https:\/\/webalkans.eu\/bs\/news\/no-borders-orchestra-is-the-champion-of-regional-cooperation-for-2022\/#primaryimage"},"thumbnailUrl":"https:\/\/webalkans.eu\/wp-content\/uploads\/2023\/06\/8.jpeg","datePublished":"2023-06-07T15:36:47+00:00","dateModified":"2023-07-05T08:45:30+00:00","description":"No Borders orchestra \u0161ampion je regionalne saradnje za 2022. godinu","breadcrumb":{"@id":"https:\/\/webalkans.eu\/bs\/news\/no-borders-orchestra-is-the-champion-of-regional-cooperation-for-2022\/#breadcrumb"},"inLanguage":"bs-BA","potentialAction":[{"@type":"ReadAction","target":["https:\/\/webalkans.eu\/bs\/news\/no-borders-orchestra-is-the-champion-of-regional-cooperation-for-2022\/"]}]},{"@type":"ImageObject","inLanguage":"bs-BA","@id":"https:\/\/webalkans.eu\/bs\/news\/no-borders-orchestra-is-the-champion-of-regional-cooperation-for-2022\/#primaryimage","url":"https:\/\/webalkans.eu\/wp-content\/uploads\/2023\/06\/8.jpeg","contentUrl":"https:\/\/webalkans.eu\/wp-content\/uploads\/2023\/06\/8.jpeg","width":1620,"height":1080},{"@type":"BreadcrumbList","@id":"https:\/\/webalkans.eu\/bs\/news\/no-borders-orchestra-is-the-champion-of-regional-cooperation-for-2022\/#breadcrumb","itemListElement":[{"@type":"ListItem","position":1,"name":"Home","item":"https:\/\/webalkans.eu\/bs\/homepage\/"},{"@type":"ListItem","position":2,"name":"No Borders orchestra \u0161ampion je regionalne saradnje za 2022. godinu"}]},{"@type":"WebSite","@id":"https:\/\/webalkans.eu\/bs\/#website","url":"https:\/\/webalkans.eu\/bs\/","name":"WeBalkans | EU Projects in the Western Balkans","description":"","publisher":{"@id":"https:\/\/webalkans.eu\/bs\/#organization"},"potentialAction":[{"@type":"SearchAction","target":{"@type":"EntryPoint","urlTemplate":"https:\/\/webalkans.eu\/bs\/?s={search_term_string}"},"query-input":{"@type":"PropertyValueSpecification","valueRequired":true,"valueName":"search_term_string"}}],"inLanguage":"bs-BA"},{"@type":"Organization","@id":"https:\/\/webalkans.eu\/bs\/#organization","name":"European Union","url":"https:\/\/webalkans.eu\/bs\/","logo":{"@type":"ImageObject","inLanguage":"bs-BA","@id":"https:\/\/webalkans.eu\/bs\/#\/schema\/logo\/image\/","url":"https:\/\/webalkans.eu\/wp-content\/uploads\/2020\/11\/eu_flag.jpg","contentUrl":"https:\/\/webalkans.eu\/wp-content\/uploads\/2020\/11\/eu_flag.jpg","width":600,"height":401,"caption":"European Union"},"image":{"@id":"https:\/\/webalkans.eu\/bs\/#\/schema\/logo\/image\/"},"sameAs":["https:\/\/www.facebook.com\/webalkans.eu","https:\/\/x.com\/WeBalkans"]},{"@type":"Person","@id":"https:\/\/webalkans.eu\/bs\/#\/schema\/person\/95a8ea19ef21de3b7766e9b65ffdb4da","name":"007designstudio@gmail.com"}]}},"_links":{"self":[{"href":"https:\/\/webalkans.eu\/bs\/wp-json\/wp\/v2\/posts\/1157563"}],"collection":[{"href":"https:\/\/webalkans.eu\/bs\/wp-json\/wp\/v2\/posts"}],"about":[{"href":"https:\/\/webalkans.eu\/bs\/wp-json\/wp\/v2\/types\/post"}],"author":[{"embeddable":true,"href":"https:\/\/webalkans.eu\/bs\/wp-json\/wp\/v2\/users\/152227"}],"replies":[{"embeddable":true,"href":"https:\/\/webalkans.eu\/bs\/wp-json\/wp\/v2\/comments?post=1157563"}],"version-history":[{"count":0,"href":"https:\/\/webalkans.eu\/bs\/wp-json\/wp\/v2\/posts\/1157563\/revisions"}],"wp:featuredmedia":[{"embeddable":true,"href":"https:\/\/webalkans.eu\/bs\/wp-json\/wp\/v2\/media\/1133707"}],"wp:attachment":[{"href":"https:\/\/webalkans.eu\/bs\/wp-json\/wp\/v2\/media?parent=1157563"}],"wp:term":[{"taxonomy":"country-for-news","embeddable":true,"href":"https:\/\/webalkans.eu\/bs\/wp-json\/wp\/v2\/country-for-news?post=1157563"}],"curies":[{"name":"wp","href":"https:\/\/api.w.org\/{rel}","templated":true}]}}