
{"id":1029880,"date":"2023-01-27T14:36:48","date_gmt":"2023-01-27T13:36:48","guid":{"rendered":"https:\/\/webalkans.eu\/news\/birn-publishes-2022-report-on-handling-of-workers-rights-cases-in-kosovo-by-courts-and-labour-inspectorate\/"},"modified":"2023-02-02T11:49:01","modified_gmt":"2023-02-02T10:49:01","slug":"birn-publishes-2022-report-on-handling-of-workers-rights-cases-in-kosovo-by-courts-and-labour-inspectorate","status":"publish","type":"post","link":"https:\/\/webalkans.eu\/bs\/news\/birn-publishes-2022-report-on-handling-of-workers-rights-cases-in-kosovo-by-courts-and-labour-inspectorate\/","title":{"rendered":"BIRN objavljuje Izvje\u0161taj za 2022.godinu o rje\u0161avanju slu\u010dajeva prava radnika na Kosovu od strane sudova i Inspektorata rada"},"content":{"rendered":"<div>\n<p><span lang=\"HR\">Izvje\u0161taj za 2022. je otkrio da gotovo jedna osoba umire na radnom mjestu na Kosovu u prosjeku svakog mjeseca, dok je samo 1,5 odsto preduze\u0107a ispunilo svoju obaveze da procijeni rizike na radnom mjestu. Iako ne postoji ta\u010dna statistika o broju neregistrovanih radnika na Kosovu, podaci Inspektorata rada pokazuju da je samo tokom 2021.godine, utvr\u0111eno da 1.459 radnika radi bez ugovora o zaposlenju dok 433 radnika nije bilo prijavljeno u Poreskoj administracija Kosova, PAK.\u00a0<\/span><\/p>\n<p>&nbsp;<\/p>\n<\/div>\n<div>\n<p><span lang=\"HR\">O nalazima izvje\u0161taja se diskutovalo na dva panela, uklju\u010duju\u0107i razli\u010dite u\u010desnike iz javnih institucija. Na konferenciji \u201cPostupanje Inspektorata rada\u00a0 i pravosu\u0111a u slu\u010dajevima prava radnika\u201d.<\/span><\/p>\n<p>&nbsp;<\/p>\n<\/div>\n<div>\n<p><span lang=\"HR\">Ova aktivnost je implementirana u okviru projekta \u201cZa\u0161tita i promocija radnih prava ranjivih grupa na tr\u017ei\u0161tu rada\u201c, koji finansira Evropska kancelarija na Kosovu, a sprovodi BIRN Kosovo u partnerstvu sa Centar za obuku i resurse za zagovaranja ATRC.<\/span><\/p>\n<\/div>\n","protected":false},"excerpt":{"rendered":"<p>Izvje\u0161taj za 2022. je otkrio da gotovo jedna osoba umire na radnom mjestu na Kosovu u prosjeku svakog mjeseca, dok je samo 1,5 odsto preduze\u0107a <\/p>\n","protected":false},"author":152227,"featured_media":1025731,"comment_status":"closed","ping_status":"closed","sticky":false,"template":"","format":"standard","meta":{"_acf_changed":false,"_monsterinsights_skip_tracking":false,"_monsterinsights_sitenote_active":false,"_monsterinsights_sitenote_note":"","_monsterinsights_sitenote_category":0,"footnotes":""},"country-for-news":[425],"class_list":["post-1029880","post","type-post","status-publish","format-standard","has-post-thumbnail","hentry","wb_theme-democracy-and-fundamental-rights","country-for-news-kosovo"],"acf":[],"yoast_head":"<!-- This site is optimized with the Yoast SEO plugin v25.3.1 - https:\/\/yoast.com\/wordpress\/plugins\/seo\/ -->\n<title>BIRN objavljuje Izvje\u0161taj za 2022.godinu o rje\u0161avanju slu\u010dajeva prava radnika na Kosovu od strane sudova i Inspektorata rada News | WeBalkans<\/title>\n<meta name=\"description\" content=\"BIRN objavljuje Izvje\u0161taj za 2022.godinu o rje\u0161avanju slu\u010dajeva prava radnika na Kosovu od strane sudova i Inspektorata rada\" \/>\n<meta name=\"robots\" content=\"index, follow, max-snippet:-1, max-image-preview:large, max-video-preview:-1\" \/>\n<link rel=\"canonical\" href=\"https:\/\/webalkans.eu\/bs\/news\/birn-publishes-2022-report-on-handling-of-workers-rights-cases-in-kosovo-by-courts-and-labour-inspectorate\/\" \/>\n<meta property=\"og:locale\" content=\"bs_BA\" \/>\n<meta property=\"og:type\" content=\"article\" \/>\n<meta property=\"og:title\" content=\"BIRN objavljuje Izvje\u0161taj za 2022.godinu o rje\u0161avanju slu\u010dajeva prava radnika na Kosovu od strane sudova i Inspektorata rada News | WeBalkans\" \/>\n<meta property=\"og:description\" content=\"BIRN objavljuje Izvje\u0161taj za 2022.godinu o rje\u0161avanju slu\u010dajeva prava radnika na Kosovu od strane sudova i Inspektorata rada\" \/>\n<meta property=\"og:url\" content=\"https:\/\/webalkans.eu\/bs\/news\/birn-publishes-2022-report-on-handling-of-workers-rights-cases-in-kosovo-by-courts-and-labour-inspectorate\/\" \/>\n<meta property=\"og:site_name\" content=\"WeBalkans | EU Projects in the Western Balkans\" \/>\n<meta property=\"article:publisher\" content=\"https:\/\/www.facebook.com\/webalkans.eu\" \/>\n<meta property=\"article:published_time\" content=\"2023-01-27T13:36:48+00:00\" \/>\n<meta property=\"article:modified_time\" content=\"2023-02-02T10:49:01+00:00\" \/>\n<meta property=\"og:image\" content=\"https:\/\/webalkans.eu\/wp-content\/uploads\/2023\/01\/4.jpeg\" \/>\n\t<meta property=\"og:image:width\" content=\"2048\" \/>\n\t<meta property=\"og:image:height\" content=\"1536\" \/>\n\t<meta property=\"og:image:type\" content=\"image\/jpeg\" \/>\n<meta name=\"author\" content=\"007designstudio@gmail.com\" \/>\n<meta name=\"twitter:card\" content=\"summary_large_image\" \/>\n<meta name=\"twitter:creator\" content=\"@WeBalkans\" \/>\n<meta name=\"twitter:site\" content=\"@WeBalkans\" \/>\n<meta name=\"twitter:label1\" content=\"Written by\" \/>\n\t<meta name=\"twitter:data1\" content=\"007designstudio@gmail.com\" \/>\n\t<meta name=\"twitter:label2\" content=\"Est. reading time\" \/>\n\t<meta name=\"twitter:data2\" content=\"1 minuta\" \/>\n<script type=\"application\/ld+json\" class=\"yoast-schema-graph\">{\"@context\":\"https:\/\/schema.org\",\"@graph\":[{\"@type\":\"Article\",\"@id\":\"https:\/\/webalkans.eu\/bs\/news\/birn-publishes-2022-report-on-handling-of-workers-rights-cases-in-kosovo-by-courts-and-labour-inspectorate\/#article\",\"isPartOf\":{\"@id\":\"https:\/\/webalkans.eu\/bs\/news\/birn-publishes-2022-report-on-handling-of-workers-rights-cases-in-kosovo-by-courts-and-labour-inspectorate\/\"},\"author\":{\"name\":\"007designstudio@gmail.com\",\"@id\":\"https:\/\/webalkans.eu\/bs\/#\/schema\/person\/95a8ea19ef21de3b7766e9b65ffdb4da\"},\"headline\":\"BIRN objavljuje Izvje\u0161taj za 2022.godinu o rje\u0161avanju slu\u010dajeva prava radnika na Kosovu od strane sudova i Inspektorata rada\",\"datePublished\":\"2023-01-27T13:36:48+00:00\",\"dateModified\":\"2023-02-02T10:49:01+00:00\",\"mainEntityOfPage\":{\"@id\":\"https:\/\/webalkans.eu\/bs\/news\/birn-publishes-2022-report-on-handling-of-workers-rights-cases-in-kosovo-by-courts-and-labour-inspectorate\/\"},\"wordCount\":170,\"publisher\":{\"@id\":\"https:\/\/webalkans.eu\/bs\/#organization\"},\"image\":{\"@id\":\"https:\/\/webalkans.eu\/bs\/news\/birn-publishes-2022-report-on-handling-of-workers-rights-cases-in-kosovo-by-courts-and-labour-inspectorate\/#primaryimage\"},\"thumbnailUrl\":\"https:\/\/webalkans.eu\/wp-content\/uploads\/2023\/01\/4.jpeg\",\"inLanguage\":\"bs-BA\"},{\"@type\":\"WebPage\",\"@id\":\"https:\/\/webalkans.eu\/bs\/news\/birn-publishes-2022-report-on-handling-of-workers-rights-cases-in-kosovo-by-courts-and-labour-inspectorate\/\",\"url\":\"https:\/\/webalkans.eu\/bs\/news\/birn-publishes-2022-report-on-handling-of-workers-rights-cases-in-kosovo-by-courts-and-labour-inspectorate\/\",\"name\":\"BIRN objavljuje Izvje\u0161taj za 2022.godinu o rje\u0161avanju slu\u010dajeva prava radnika na Kosovu od strane sudova i Inspektorata rada News | WeBalkans\",\"isPartOf\":{\"@id\":\"https:\/\/webalkans.eu\/bs\/#website\"},\"primaryImageOfPage\":{\"@id\":\"https:\/\/webalkans.eu\/bs\/news\/birn-publishes-2022-report-on-handling-of-workers-rights-cases-in-kosovo-by-courts-and-labour-inspectorate\/#primaryimage\"},\"image\":{\"@id\":\"https:\/\/webalkans.eu\/bs\/news\/birn-publishes-2022-report-on-handling-of-workers-rights-cases-in-kosovo-by-courts-and-labour-inspectorate\/#primaryimage\"},\"thumbnailUrl\":\"https:\/\/webalkans.eu\/wp-content\/uploads\/2023\/01\/4.jpeg\",\"datePublished\":\"2023-01-27T13:36:48+00:00\",\"dateModified\":\"2023-02-02T10:49:01+00:00\",\"description\":\"BIRN objavljuje Izvje\u0161taj za 2022.godinu o rje\u0161avanju slu\u010dajeva prava radnika na Kosovu od strane sudova i Inspektorata rada\",\"breadcrumb\":{\"@id\":\"https:\/\/webalkans.eu\/bs\/news\/birn-publishes-2022-report-on-handling-of-workers-rights-cases-in-kosovo-by-courts-and-labour-inspectorate\/#breadcrumb\"},\"inLanguage\":\"bs-BA\",\"potentialAction\":[{\"@type\":\"ReadAction\",\"target\":[\"https:\/\/webalkans.eu\/bs\/news\/birn-publishes-2022-report-on-handling-of-workers-rights-cases-in-kosovo-by-courts-and-labour-inspectorate\/\"]}]},{\"@type\":\"ImageObject\",\"inLanguage\":\"bs-BA\",\"@id\":\"https:\/\/webalkans.eu\/bs\/news\/birn-publishes-2022-report-on-handling-of-workers-rights-cases-in-kosovo-by-courts-and-labour-inspectorate\/#primaryimage\",\"url\":\"https:\/\/webalkans.eu\/wp-content\/uploads\/2023\/01\/4.jpeg\",\"contentUrl\":\"https:\/\/webalkans.eu\/wp-content\/uploads\/2023\/01\/4.jpeg\",\"width\":2048,\"height\":1536},{\"@type\":\"BreadcrumbList\",\"@id\":\"https:\/\/webalkans.eu\/bs\/news\/birn-publishes-2022-report-on-handling-of-workers-rights-cases-in-kosovo-by-courts-and-labour-inspectorate\/#breadcrumb\",\"itemListElement\":[{\"@type\":\"ListItem\",\"position\":1,\"name\":\"Home\",\"item\":\"https:\/\/webalkans.eu\/bs\/homepage\/\"},{\"@type\":\"ListItem\",\"position\":2,\"name\":\"BIRN objavljuje Izvje\u0161taj za 2022.godinu o rje\u0161avanju slu\u010dajeva prava radnika na Kosovu od strane sudova i Inspektorata rada\"}]},{\"@type\":\"WebSite\",\"@id\":\"https:\/\/webalkans.eu\/bs\/#website\",\"url\":\"https:\/\/webalkans.eu\/bs\/\",\"name\":\"WeBalkans | EU Projects in the Western Balkans\",\"description\":\"\",\"publisher\":{\"@id\":\"https:\/\/webalkans.eu\/bs\/#organization\"},\"potentialAction\":[{\"@type\":\"SearchAction\",\"target\":{\"@type\":\"EntryPoint\",\"urlTemplate\":\"https:\/\/webalkans.eu\/bs\/?s={search_term_string}\"},\"query-input\":{\"@type\":\"PropertyValueSpecification\",\"valueRequired\":true,\"valueName\":\"search_term_string\"}}],\"inLanguage\":\"bs-BA\"},{\"@type\":\"Organization\",\"@id\":\"https:\/\/webalkans.eu\/bs\/#organization\",\"name\":\"European Union\",\"url\":\"https:\/\/webalkans.eu\/bs\/\",\"logo\":{\"@type\":\"ImageObject\",\"inLanguage\":\"bs-BA\",\"@id\":\"https:\/\/webalkans.eu\/bs\/#\/schema\/logo\/image\/\",\"url\":\"https:\/\/webalkans.eu\/wp-content\/uploads\/2020\/11\/eu_flag.jpg\",\"contentUrl\":\"https:\/\/webalkans.eu\/wp-content\/uploads\/2020\/11\/eu_flag.jpg\",\"width\":600,\"height\":401,\"caption\":\"European Union\"},\"image\":{\"@id\":\"https:\/\/webalkans.eu\/bs\/#\/schema\/logo\/image\/\"},\"sameAs\":[\"https:\/\/www.facebook.com\/webalkans.eu\",\"https:\/\/x.com\/WeBalkans\"]},{\"@type\":\"Person\",\"@id\":\"https:\/\/webalkans.eu\/bs\/#\/schema\/person\/95a8ea19ef21de3b7766e9b65ffdb4da\",\"name\":\"007designstudio@gmail.com\"}]}<\/script>\n<!-- \/ Yoast SEO plugin. -->","yoast_head_json":{"title":"BIRN objavljuje Izvje\u0161taj za 2022.godinu o rje\u0161avanju slu\u010dajeva prava radnika na Kosovu od strane sudova i Inspektorata rada News | WeBalkans","description":"BIRN objavljuje Izvje\u0161taj za 2022.godinu o rje\u0161avanju slu\u010dajeva prava radnika na Kosovu od strane sudova i Inspektorata rada","robots":{"index":"index","follow":"follow","max-snippet":"max-snippet:-1","max-image-preview":"max-image-preview:large","max-video-preview":"max-video-preview:-1"},"canonical":"https:\/\/webalkans.eu\/bs\/news\/birn-publishes-2022-report-on-handling-of-workers-rights-cases-in-kosovo-by-courts-and-labour-inspectorate\/","og_locale":"bs_BA","og_type":"article","og_title":"BIRN objavljuje Izvje\u0161taj za 2022.godinu o rje\u0161avanju slu\u010dajeva prava radnika na Kosovu od strane sudova i Inspektorata rada News | WeBalkans","og_description":"BIRN objavljuje Izvje\u0161taj za 2022.godinu o rje\u0161avanju slu\u010dajeva prava radnika na Kosovu od strane sudova i Inspektorata rada","og_url":"https:\/\/webalkans.eu\/bs\/news\/birn-publishes-2022-report-on-handling-of-workers-rights-cases-in-kosovo-by-courts-and-labour-inspectorate\/","og_site_name":"WeBalkans | EU Projects in the Western Balkans","article_publisher":"https:\/\/www.facebook.com\/webalkans.eu","article_published_time":"2023-01-27T13:36:48+00:00","article_modified_time":"2023-02-02T10:49:01+00:00","og_image":[{"width":2048,"height":1536,"url":"https:\/\/webalkans.eu\/wp-content\/uploads\/2023\/01\/4.jpeg","type":"image\/jpeg"}],"author":"007designstudio@gmail.com","twitter_card":"summary_large_image","twitter_creator":"@WeBalkans","twitter_site":"@WeBalkans","twitter_misc":{"Written by":"007designstudio@gmail.com","Est. reading time":"1 minuta"},"schema":{"@context":"https:\/\/schema.org","@graph":[{"@type":"Article","@id":"https:\/\/webalkans.eu\/bs\/news\/birn-publishes-2022-report-on-handling-of-workers-rights-cases-in-kosovo-by-courts-and-labour-inspectorate\/#article","isPartOf":{"@id":"https:\/\/webalkans.eu\/bs\/news\/birn-publishes-2022-report-on-handling-of-workers-rights-cases-in-kosovo-by-courts-and-labour-inspectorate\/"},"author":{"name":"007designstudio@gmail.com","@id":"https:\/\/webalkans.eu\/bs\/#\/schema\/person\/95a8ea19ef21de3b7766e9b65ffdb4da"},"headline":"BIRN objavljuje Izvje\u0161taj za 2022.godinu o rje\u0161avanju slu\u010dajeva prava radnika na Kosovu od strane sudova i Inspektorata rada","datePublished":"2023-01-27T13:36:48+00:00","dateModified":"2023-02-02T10:49:01+00:00","mainEntityOfPage":{"@id":"https:\/\/webalkans.eu\/bs\/news\/birn-publishes-2022-report-on-handling-of-workers-rights-cases-in-kosovo-by-courts-and-labour-inspectorate\/"},"wordCount":170,"publisher":{"@id":"https:\/\/webalkans.eu\/bs\/#organization"},"image":{"@id":"https:\/\/webalkans.eu\/bs\/news\/birn-publishes-2022-report-on-handling-of-workers-rights-cases-in-kosovo-by-courts-and-labour-inspectorate\/#primaryimage"},"thumbnailUrl":"https:\/\/webalkans.eu\/wp-content\/uploads\/2023\/01\/4.jpeg","inLanguage":"bs-BA"},{"@type":"WebPage","@id":"https:\/\/webalkans.eu\/bs\/news\/birn-publishes-2022-report-on-handling-of-workers-rights-cases-in-kosovo-by-courts-and-labour-inspectorate\/","url":"https:\/\/webalkans.eu\/bs\/news\/birn-publishes-2022-report-on-handling-of-workers-rights-cases-in-kosovo-by-courts-and-labour-inspectorate\/","name":"BIRN objavljuje Izvje\u0161taj za 2022.godinu o rje\u0161avanju slu\u010dajeva prava radnika na Kosovu od strane sudova i Inspektorata rada News | WeBalkans","isPartOf":{"@id":"https:\/\/webalkans.eu\/bs\/#website"},"primaryImageOfPage":{"@id":"https:\/\/webalkans.eu\/bs\/news\/birn-publishes-2022-report-on-handling-of-workers-rights-cases-in-kosovo-by-courts-and-labour-inspectorate\/#primaryimage"},"image":{"@id":"https:\/\/webalkans.eu\/bs\/news\/birn-publishes-2022-report-on-handling-of-workers-rights-cases-in-kosovo-by-courts-and-labour-inspectorate\/#primaryimage"},"thumbnailUrl":"https:\/\/webalkans.eu\/wp-content\/uploads\/2023\/01\/4.jpeg","datePublished":"2023-01-27T13:36:48+00:00","dateModified":"2023-02-02T10:49:01+00:00","description":"BIRN objavljuje Izvje\u0161taj za 2022.godinu o rje\u0161avanju slu\u010dajeva prava radnika na Kosovu od strane sudova i Inspektorata rada","breadcrumb":{"@id":"https:\/\/webalkans.eu\/bs\/news\/birn-publishes-2022-report-on-handling-of-workers-rights-cases-in-kosovo-by-courts-and-labour-inspectorate\/#breadcrumb"},"inLanguage":"bs-BA","potentialAction":[{"@type":"ReadAction","target":["https:\/\/webalkans.eu\/bs\/news\/birn-publishes-2022-report-on-handling-of-workers-rights-cases-in-kosovo-by-courts-and-labour-inspectorate\/"]}]},{"@type":"ImageObject","inLanguage":"bs-BA","@id":"https:\/\/webalkans.eu\/bs\/news\/birn-publishes-2022-report-on-handling-of-workers-rights-cases-in-kosovo-by-courts-and-labour-inspectorate\/#primaryimage","url":"https:\/\/webalkans.eu\/wp-content\/uploads\/2023\/01\/4.jpeg","contentUrl":"https:\/\/webalkans.eu\/wp-content\/uploads\/2023\/01\/4.jpeg","width":2048,"height":1536},{"@type":"BreadcrumbList","@id":"https:\/\/webalkans.eu\/bs\/news\/birn-publishes-2022-report-on-handling-of-workers-rights-cases-in-kosovo-by-courts-and-labour-inspectorate\/#breadcrumb","itemListElement":[{"@type":"ListItem","position":1,"name":"Home","item":"https:\/\/webalkans.eu\/bs\/homepage\/"},{"@type":"ListItem","position":2,"name":"BIRN objavljuje Izvje\u0161taj za 2022.godinu o rje\u0161avanju slu\u010dajeva prava radnika na Kosovu od strane sudova i Inspektorata rada"}]},{"@type":"WebSite","@id":"https:\/\/webalkans.eu\/bs\/#website","url":"https:\/\/webalkans.eu\/bs\/","name":"WeBalkans | EU Projects in the Western Balkans","description":"","publisher":{"@id":"https:\/\/webalkans.eu\/bs\/#organization"},"potentialAction":[{"@type":"SearchAction","target":{"@type":"EntryPoint","urlTemplate":"https:\/\/webalkans.eu\/bs\/?s={search_term_string}"},"query-input":{"@type":"PropertyValueSpecification","valueRequired":true,"valueName":"search_term_string"}}],"inLanguage":"bs-BA"},{"@type":"Organization","@id":"https:\/\/webalkans.eu\/bs\/#organization","name":"European Union","url":"https:\/\/webalkans.eu\/bs\/","logo":{"@type":"ImageObject","inLanguage":"bs-BA","@id":"https:\/\/webalkans.eu\/bs\/#\/schema\/logo\/image\/","url":"https:\/\/webalkans.eu\/wp-content\/uploads\/2020\/11\/eu_flag.jpg","contentUrl":"https:\/\/webalkans.eu\/wp-content\/uploads\/2020\/11\/eu_flag.jpg","width":600,"height":401,"caption":"European Union"},"image":{"@id":"https:\/\/webalkans.eu\/bs\/#\/schema\/logo\/image\/"},"sameAs":["https:\/\/www.facebook.com\/webalkans.eu","https:\/\/x.com\/WeBalkans"]},{"@type":"Person","@id":"https:\/\/webalkans.eu\/bs\/#\/schema\/person\/95a8ea19ef21de3b7766e9b65ffdb4da","name":"007designstudio@gmail.com"}]}},"_links":{"self":[{"href":"https:\/\/webalkans.eu\/bs\/wp-json\/wp\/v2\/posts\/1029880"}],"collection":[{"href":"https:\/\/webalkans.eu\/bs\/wp-json\/wp\/v2\/posts"}],"about":[{"href":"https:\/\/webalkans.eu\/bs\/wp-json\/wp\/v2\/types\/post"}],"author":[{"embeddable":true,"href":"https:\/\/webalkans.eu\/bs\/wp-json\/wp\/v2\/users\/152227"}],"replies":[{"embeddable":true,"href":"https:\/\/webalkans.eu\/bs\/wp-json\/wp\/v2\/comments?post=1029880"}],"version-history":[{"count":0,"href":"https:\/\/webalkans.eu\/bs\/wp-json\/wp\/v2\/posts\/1029880\/revisions"}],"wp:featuredmedia":[{"embeddable":true,"href":"https:\/\/webalkans.eu\/bs\/wp-json\/wp\/v2\/media\/1025731"}],"wp:attachment":[{"href":"https:\/\/webalkans.eu\/bs\/wp-json\/wp\/v2\/media?parent=1029880"}],"wp:term":[{"taxonomy":"country-for-news","embeddable":true,"href":"https:\/\/webalkans.eu\/bs\/wp-json\/wp\/v2\/country-for-news?post=1029880"}],"curies":[{"name":"wp","href":"https:\/\/api.w.org\/{rel}","templated":true}]}}